{"id":2726,"date":"2010-10-29T00:00:00","date_gmt":"2010-10-29T00:00:00","guid":{"rendered":"https:\/\/comunicatur.info\/catalunya-rep-un-37-mes-de-turistes-estrangers-2\/"},"modified":"2010-10-29T00:00:00","modified_gmt":"2010-10-29T00:00:00","slug":"catalunya-rep-un-37-mes-de-turistes-estrangers-2","status":"publish","type":"post","link":"https:\/\/www.comunicatur.info\/es\/catalunya-rep-un-37-mes-de-turistes-estrangers-2\/","title":{"rendered":"Catalu\u00f1a recibe un 3,7% m\u00e1s de turistas extranjeros"},"content":{"rendered":"<p>Catalu\u00f1a es la primera comunidad aut\u00f3noma en recepci\u00f3n de turistas extranjeros entre enero y septiembre del 2010, con 10,8 millones de turistas, un 3,7% m\u00e1s que en el mismo periodo del 2009, seg\u00fan datos del Instituto de Estudios Tur\u00edsticos del Ministerio de Industria, Turismo y Comercio.<br \/>\n<\/p>\n<p>Estos resultados reflejan que Catalu\u00f1a ha concentrado uno de cada cuatro turistas extranjeros que han visitado Espa\u00f1a en los nueve primeros meses del a\u00f1o, concretamente un 25,4% del total. El 89,3% de estos visitantes procede del mercado europeo, hecho que supone un ligero descenso respeto al 90,8% que representaron en el mismo periodo del a\u00f1o pasado. <\/p>\n<p>Los principales mercados emisores de turistas han registrado un crecimiento en este tercer trimestre. Catalu\u00f1a ha recibido un 5,2% m\u00e1s de visitantes franceses, un 3,9% m\u00e1s de italianos y los turistas Holandeses han crecido un 2,2%. <\/p>\n<p>En cambio, los turistas alemanes han retrocedido un 3%, aunque mejoran sus cifras respecto a la ca\u00edda de casi el 25% que experimentaron en el mismo periodo del a\u00f1o pasado. <\/p>\n<p>Las principales ca\u00eddas del trimestre las han protagonizado el Reino Unido, con un 23,1% menos de turistas, y B\u00e9lgica, con un descenso del 9,4%, seg\u00fan los datos de Frontur del Ministerio.\/Ag EP<\/p>\n","protected":false},"excerpt":{"rendered":"<p>Catalu\u00f1a es la primera comunidad aut\u00f3noma en recepci\u00f3n de turistas extranjeros entre enero y septiembre del 2010, con 10,8 millones de turistas, un 3,7% m\u00e1s que en el mismo periodo del 2009, seg\u00fan datos del Instituto de Estudios Tur\u00edsticos del Ministerio de Industria, Turismo y Comercio. <\/p>\n","protected":false},"author":1,"featured_media":0,"comment_status":"close","ping_status":"open","sticky":false,"template":"","format":"standard","meta":[],"categories":[35],"tags":[],"_links":{"self":[{"href":"https:\/\/www.comunicatur.info\/es\/wp-json\/wp\/v2\/posts\/2726"}],"collection":[{"href":"https:\/\/www.comunicatur.info\/es\/wp-json\/wp\/v2\/posts"}],"about":[{"href":"https:\/\/www.comunicatur.info\/es\/wp-json\/wp\/v2\/types\/post"}],"author":[{"embeddable":true,"href":"https:\/\/www.comunicatur.info\/es\/wp-json\/wp\/v2\/users\/1"}],"replies":[{"embeddable":true,"href":"https:\/\/www.comunicatur.info\/es\/wp-json\/wp\/v2\/comments?post=2726"}],"version-history":[{"count":0,"href":"https:\/\/www.comunicatur.info\/es\/wp-json\/wp\/v2\/posts\/2726\/revisions"}],"wp:attachment":[{"href":"https:\/\/www.comunicatur.info\/es\/wp-json\/wp\/v2\/media?parent=2726"}],"wp:term":[{"taxonomy":"category","embeddable":true,"href":"https:\/\/www.comunicatur.info\/es\/wp-json\/wp\/v2\/categories?post=2726"},{"taxonomy":"post_tag","embeddable":true,"href":"https:\/\/www.comunicatur.info\/es\/wp-json\/wp\/v2\/tags?post=2726"}],"curies":[{"name":"wp","href":"https:\/\/api.w.org\/{rel}","templated":true}]}}