{"id":2720,"date":"2010-11-02T00:00:00","date_gmt":"2010-11-02T00:00:00","guid":{"rendered":"https:\/\/comunicatur.info\/llum-verda-al-el-pla-estrategic-de-turisme-de-barcelona-2010-2015-2\/"},"modified":"2010-11-02T00:00:00","modified_gmt":"2010-11-02T00:00:00","slug":"llum-verda-al-el-pla-estrategic-de-turisme-de-barcelona-2010-2015-2","status":"publish","type":"post","link":"https:\/\/www.comunicatur.info\/es\/llum-verda-al-el-pla-estrategic-de-turisme-de-barcelona-2010-2015-2\/","title":{"rendered":"Luz verde al Plan Estrat\u00e9gico de Turismo de Barcelona"},"content":{"rendered":"\n<p>El Comit\u00e9 Ejecutivo Extraordinario de Turismo ha aprobado el Programa de Actuaci\u00f3n vinculado a la promoci\u00f3n de la ciudad bajo dos grandes objetivos: favorecer la actividad tur\u00edstica en Barcelona y mejorar el encaje del turismo en la ciudad.<br \/>\n  <\/p>\n<p>El Plan Estrat\u00e9gico de Turismo de Barcelona 2010-2015 se concreta en una quincena de programas que se han distribuidos en dos grandes \u00e1mbitos: el de Promoci\u00f3n &#8211;desarrollado por el Consorcio Turismo de Barcelona&#8211; y el Turismo y la Ciudad &#8211;impulsado por el Ayuntamiento&#8211;. <\/p>\n<p>Para la financiaci\u00f3n, el plan plantea la creaci\u00f3n del Fondo Turismo y Ciudad para dotar a Barcelona de una mejor y m\u00e1s estable capacidad financiera. As\u00ed, algunas de las medidas propuestas son la contribuci\u00f3n de los turistas, la mayor participaci\u00f3n en los tributos del Estado o extraer rendimiento tur\u00edstico de espacios p\u00fablicos.<\/p>\n<p>Uno de los retos del plan es la descentralizaci\u00f3n tur\u00edstica de la oferta, intentando descongestionar los barrios de Ciutat Vella y el Eixample, impulsando otras zonas como el F\u00f2rum y Montju\u00efc, aunque sin quitar la relevancia cultural, patrimonial e identitaria de estos dos emblem\u00e1ticos distritos de la ciudad. <\/p>\n<p>La promoci\u00f3n de los barrios se har\u00e1 a trav\u00e9s de la creaci\u00f3n de nuevas rutas, aprovechando los equipamientos ya existentes en las zonas, y creando la figura de anfitri\u00f3n para acoger a los turistas. <\/p>\n<p>Otras medidas son la creaci\u00f3n de una nueva oferta que incluya paquetes de itinerarios combinados entre la ciudad y otras zonas del territorio, que incorpore los espacios naturales del entorno y potencie las actividades asociadas a la pre-candidatura de los Juegos Ol\u00edmpicos de Invierno. <\/p>\n<p>El Plan tambi\u00e9n pretende mejorar el turismo a trav\u00e9s de su planificaci\u00f3n, como ser\u00eda realizar planes de gesti\u00f3n de visitantes en los espacios y equipamientos que cuenten con una afluencia de visitantes de m\u00e1s de medio mill\u00f3n o la gesti\u00f3n de los flujos de cruceros, reforzando el transporte p\u00fablico de la zona y preveyendo sus horarios.\/Ag EP<\/p>\n","protected":false},"excerpt":{"rendered":"\n<p>El Comit\u00e9 Ejecutivo Extraordinario de Turismo ha aprobado el Programa de Actuaci\u00f3n vinculado a la promoci\u00f3n de la ciudad bajo dos grandes objetivos: favorecer la actividad tur\u00edstica en Barcelona y mejorar el encaje del turismo en la ciudad. <\/p>\n","protected":false},"author":1,"featured_media":0,"comment_status":"close","ping_status":"open","sticky":false,"template":"","format":"standard","meta":[],"categories":[19],"tags":[],"_links":{"self":[{"href":"https:\/\/www.comunicatur.info\/es\/wp-json\/wp\/v2\/posts\/2720"}],"collection":[{"href":"https:\/\/www.comunicatur.info\/es\/wp-json\/wp\/v2\/posts"}],"about":[{"href":"https:\/\/www.comunicatur.info\/es\/wp-json\/wp\/v2\/types\/post"}],"author":[{"embeddable":true,"href":"https:\/\/www.comunicatur.info\/es\/wp-json\/wp\/v2\/users\/1"}],"replies":[{"embeddable":true,"href":"https:\/\/www.comunicatur.info\/es\/wp-json\/wp\/v2\/comments?post=2720"}],"version-history":[{"count":0,"href":"https:\/\/www.comunicatur.info\/es\/wp-json\/wp\/v2\/posts\/2720\/revisions"}],"wp:attachment":[{"href":"https:\/\/www.comunicatur.info\/es\/wp-json\/wp\/v2\/media?parent=2720"}],"wp:term":[{"taxonomy":"category","embeddable":true,"href":"https:\/\/www.comunicatur.info\/es\/wp-json\/wp\/v2\/categories?post=2720"},{"taxonomy":"post_tag","embeddable":true,"href":"https:\/\/www.comunicatur.info\/es\/wp-json\/wp\/v2\/tags?post=2720"}],"curies":[{"name":"wp","href":"https:\/\/api.w.org\/{rel}","templated":true}]}}