{"id":2710,"date":"2010-10-21T00:00:00","date_gmt":"2010-10-21T00:00:00","guid":{"rendered":"https:\/\/comunicatur.info\/primer-pas-per-a-la-creacio-duna-associacio-turistica-al-pallars-jussa-2\/"},"modified":"2010-10-21T00:00:00","modified_gmt":"2010-10-21T00:00:00","slug":"primer-pas-per-a-la-creacio-duna-associacio-turistica-al-pallars-jussa-2","status":"publish","type":"post","link":"https:\/\/www.comunicatur.info\/es\/primer-pas-per-a-la-creacio-duna-associacio-turistica-al-pallars-jussa-2\/","title":{"rendered":"Creaci\u00f3n de una nueva asociaci\u00f3n tur\u00edstica en Lleida"},"content":{"rendered":"<p>Antes de finalizar 2010, el Pallars Juss&agrave;, en Lleida, contar&aacute; con una nueva asociaci&oacute;n tur&iacute;stica. Un grupo de restauradores y empresarios de esta comarca han decidido seguir los pasos de otros colegas del sector y se han unido con la voluntad &ldquo;de afrontar los retos de futuro del turismo en esta zona y empezar una nueva etapa&rdquo;.<\/p>\n<p><\/p>\n<p>Las jornadas &ldquo;El Oto&ntilde;o Gastron&oacute;mico de la Seta 2010, colores, olores y sabores&rdquo;, que se inician este s&aacute;bado y se acaban el pr&oacute;ximo 14 de noviembre, son el punto de partida de la futura nueva asociaci&oacute;n. Participan 16 restaurantes de la comarca que han preparado unos men&uacute;s de degustaci&oacute;n con la seta como protagonista.<\/p>\n<p>Los establecimientos participantes en estas jornadas gastron&oacute;micas son: Hotel Terradets &#8211; Restaurant del Llac; Casa Roca; Hotel Segle XX; restaurante GAB&rsquo;S; restaurante La Cuineta; restaurante Fa uns anys; restaurante L&rsquo;Era del Marxant; Hotel Vall Fosca; Casa Masover; restaurante Lo Rac&oacute; del Pont; Hostal Buenos Aires; restaurante Salasse; restaurante Dolce Vita; Bar- Restaurant Pirineu; Hostal La Canonja; y restaurante L&rsquo;Era del Salasse.<\/p>\n","protected":false},"excerpt":{"rendered":"<p>Antes de finalizar 2010, el Pallars Juss&agrave;, en Lleida, contar&aacute; con una nueva asociaci&oacute;n tur&iacute;stica. Un grupo de restauradores y empresarios de esta comarca han decidido seguir los pasos de otros colegas del sector y se han unido con la voluntad &ldquo;de afrontar los retos de futuro del turismo en esta zona y empezar una nueva etapa&rdquo;.<\/p>\n","protected":false},"author":1,"featured_media":0,"comment_status":"close","ping_status":"open","sticky":false,"template":"","format":"standard","meta":[],"categories":[41],"tags":[],"_links":{"self":[{"href":"https:\/\/www.comunicatur.info\/es\/wp-json\/wp\/v2\/posts\/2710"}],"collection":[{"href":"https:\/\/www.comunicatur.info\/es\/wp-json\/wp\/v2\/posts"}],"about":[{"href":"https:\/\/www.comunicatur.info\/es\/wp-json\/wp\/v2\/types\/post"}],"author":[{"embeddable":true,"href":"https:\/\/www.comunicatur.info\/es\/wp-json\/wp\/v2\/users\/1"}],"replies":[{"embeddable":true,"href":"https:\/\/www.comunicatur.info\/es\/wp-json\/wp\/v2\/comments?post=2710"}],"version-history":[{"count":0,"href":"https:\/\/www.comunicatur.info\/es\/wp-json\/wp\/v2\/posts\/2710\/revisions"}],"wp:attachment":[{"href":"https:\/\/www.comunicatur.info\/es\/wp-json\/wp\/v2\/media?parent=2710"}],"wp:term":[{"taxonomy":"category","embeddable":true,"href":"https:\/\/www.comunicatur.info\/es\/wp-json\/wp\/v2\/categories?post=2710"},{"taxonomy":"post_tag","embeddable":true,"href":"https:\/\/www.comunicatur.info\/es\/wp-json\/wp\/v2\/tags?post=2710"}],"curies":[{"name":"wp","href":"https:\/\/api.w.org\/{rel}","templated":true}]}}