{"id":27087,"date":"2025-05-02T00:00:47","date_gmt":"2025-05-01T22:00:47","guid":{"rendered":"https:\/\/www.comunicatur.info\/?p=27087"},"modified":"2025-04-29T19:39:49","modified_gmt":"2025-04-29T17:39:49","slug":"la-act-organiza-el-workshop-tasty-catalunya-con-operadores-turisticos-internacionales","status":"publish","type":"post","link":"https:\/\/www.comunicatur.info\/es\/la-act-organiza-el-workshop-tasty-catalunya-con-operadores-turisticos-internacionales\/","title":{"rendered":"La ACT organiza el workshop Tasty Catalunya con operadores tur\u00edsticos internacionales"},"content":{"rendered":"<p>Con motivo de la designaci\u00f3n de Catalu\u00f1a como <strong>Regi\u00f3n Mundial de la Gastronom\u00eda<\/strong>, la Agencia Catalana de Turismo (ACT) organiza un <em>workshop<\/em> para incrementar las conexiones comerciales internacionales de las empresas catalanas con oferta gastron\u00f3mica y de lujo o premium.<\/p>\n<p>Las inscripciones todav\u00eda est\u00e1n abiertas para todas aquellas empresas interesadas en comercializar sus propuestas entre los turoperadores. La Agencia Catalana de Turismo reunir\u00e1 el pr\u00f3ximo 3 de junio en el hotel Mas La Boella (La Canonja, Tarragona) a <strong>80 agentes compradores procedentes de veinte pa\u00edses.<\/strong><\/p>\n<p>Seg\u00fan explica la ACT, la acci\u00f3n est\u00e1 dirigida a empresas y entidades del sector tur\u00edstico catal\u00e1n que quieran <strong>abrirse a nuevos mercados, establecer contactos<\/strong> y potenciar su oferta. Es especialmente relevante para los afiliados a los programas de Turismo Enogastron\u00f3mico, Turismo Premium y para los miembros del Catalunya Convention Bureau.<\/p>\n<p>Las inscripciones deben realizarse a trav\u00e9s de este enlace a la plataforma B2B de la ACT (para inscribirse en el <em>workshop<\/em> solo es necesario registrarse): \ud83d\udc49 <a href=\"https:\/\/b2b.catalunya.com\/b2b\/ca\/inici.html\" target=\"_blank\" rel=\"noopener\">https:\/\/b2b.catalunya.com\/b2b\/ca\/inici.html<\/a><\/p>\n","protected":false},"excerpt":{"rendered":"<p>Con motivo de la designaci\u00f3n de Catalu\u00f1a como Regi\u00f3n Mundial de la Gastronom\u00eda, la Agencia Catalana de Turismo (ACT) organiza un workshop para incrementar las conexiones comerciales internacionales de las empresas catalanas con oferta gastron\u00f3mica y de lujo o premium. Las inscripciones todav\u00eda est\u00e1n abiertas para todas aquellas empresas interesadas en comercializar sus propuestas entre &hellip;<\/p>\n","protected":false},"author":408,"featured_media":27083,"comment_status":"closed","ping_status":"open","sticky":false,"template":"","format":"standard","meta":[],"categories":[63],"tags":[],"_links":{"self":[{"href":"https:\/\/www.comunicatur.info\/es\/wp-json\/wp\/v2\/posts\/27087"}],"collection":[{"href":"https:\/\/www.comunicatur.info\/es\/wp-json\/wp\/v2\/posts"}],"about":[{"href":"https:\/\/www.comunicatur.info\/es\/wp-json\/wp\/v2\/types\/post"}],"author":[{"embeddable":true,"href":"https:\/\/www.comunicatur.info\/es\/wp-json\/wp\/v2\/users\/408"}],"replies":[{"embeddable":true,"href":"https:\/\/www.comunicatur.info\/es\/wp-json\/wp\/v2\/comments?post=27087"}],"version-history":[{"count":3,"href":"https:\/\/www.comunicatur.info\/es\/wp-json\/wp\/v2\/posts\/27087\/revisions"}],"predecessor-version":[{"id":27090,"href":"https:\/\/www.comunicatur.info\/es\/wp-json\/wp\/v2\/posts\/27087\/revisions\/27090"}],"wp:featuredmedia":[{"embeddable":true,"href":"https:\/\/www.comunicatur.info\/es\/wp-json\/wp\/v2\/media\/27083"}],"wp:attachment":[{"href":"https:\/\/www.comunicatur.info\/es\/wp-json\/wp\/v2\/media?parent=27087"}],"wp:term":[{"taxonomy":"category","embeddable":true,"href":"https:\/\/www.comunicatur.info\/es\/wp-json\/wp\/v2\/categories?post=27087"},{"taxonomy":"post_tag","embeddable":true,"href":"https:\/\/www.comunicatur.info\/es\/wp-json\/wp\/v2\/tags?post=27087"}],"curies":[{"name":"wp","href":"https:\/\/api.w.org\/{rel}","templated":true}]}}