{"id":27056,"date":"2025-04-25T00:00:43","date_gmt":"2025-04-24T22:00:43","guid":{"rendered":"https:\/\/www.comunicatur.info\/?p=27056"},"modified":"2025-04-24T19:07:45","modified_gmt":"2025-04-24T17:07:45","slug":"indignacion-del-sector-turistico-gerundense-por-el-aumento-del-impuesto-turistico","status":"publish","type":"post","link":"https:\/\/www.comunicatur.info\/es\/indignacion-del-sector-turistico-gerundense-por-el-aumento-del-impuesto-turistico\/","title":{"rendered":"Indignaci\u00f3n del sector tur\u00edstico gerundense por el aumento del impuesto tur\u00edstico"},"content":{"rendered":"<p class=\"\" data-start=\"199\" data-end=\"776\">El sector tur\u00edstico gerundense ha expresado un rechazo contundente al nuevo decreto ley 6\/2025, que modifica el impuesto sobre las estancias en establecimientos tur\u00edsticos. En una rueda de prensa celebrada en la ciudad de Girona, representantes de la <strong data-start=\"450\" data-end=\"514\">Federaci\u00f3n de Hosteler\u00eda y Turismo de las Comarcas de Girona<\/strong>, la <strong data-start=\"519\" data-end=\"552\">Asociaci\u00f3n de Campings Girona<\/strong>, la <strong data-start=\"557\" data-end=\"603\">Asociaci\u00f3n Tur\u00edstica de Apartamentos (ATA)<\/strong> y la <strong data-start=\"609\" data-end=\"637\">Mesa Gironina de Turismo<\/strong> han destacado los efectos negativos del aumento de tarifas y la entrada en vigor de un recargo municipal de hasta <strong data-start=\"752\" data-end=\"775\">4 euros por persona<\/strong>.<\/p>\n<p class=\"\" data-start=\"778\" data-end=\"1239\">El sector considera el impuesto una carga para la sociedad catalana, ya que el <strong data-start=\"857\" data-end=\"937\">50% de los turistas que visitan las comarcas de Girona provienen de Catalu\u00f1a<\/strong>, incluyendo el \u00e1rea metropolitana de Barcelona. <strong data-start=\"986\" data-end=\"1005\">Antoni Escudero<\/strong>, presidente de la Federaci\u00f3n de Hosteler\u00eda, record\u00f3 que el impuesto, creado en <strong data-start=\"1085\" data-end=\"1093\">2012<\/strong> para ayudar a las finanzas p\u00fablicas, no ha cumplido su objetivo original y est\u00e1 afectando directamente a las arcas de las <strong data-start=\"1216\" data-end=\"1238\">familias catalanas<\/strong>.<\/p>\n<h4 data-start=\"1241\" data-end=\"1743\"><strong data-start=\"1241\" data-end=\"1279\">De pagar 0,60 \u20ac a 5,20 \u20ac por noche<\/strong><\/h4>\n<p class=\"\" data-start=\"1241\" data-end=\"1743\">El incremento de las tarifas puede suponer un aumento importante de los costos para turistas y empresarios. Seg\u00fan <strong data-start=\"1396\" data-end=\"1412\">Jaume Dulsat<\/strong>, presidente de la Mesa Gironina de Turismo, un cliente de hotel o camping de tres estrellas podr\u00eda pasar de pagar <strong data-start=\"1527\" data-end=\"1556\">0,60 \u20ac a 5,20 \u20ac por noche<\/strong>, sumando el impuesto tur\u00edstico y el recargo municipal. Adem\u00e1s, el sector alerta sobre los posibles <strong data-start=\"1656\" data-end=\"1742\">da\u00f1os a la competitividad de Girona frente a otros destinos tur\u00edsticos m\u00e1s baratos<\/strong>.<\/p>\n<p class=\"\" data-start=\"1745\" data-end=\"2179\">El sector, que ha hecho frente com\u00fan, tambi\u00e9n denuncia la <strong data-start=\"1803\" data-end=\"1868\">falta de transparencia en la gesti\u00f3n de los fondos recaudados<\/strong>. <strong data-start=\"1870\" data-end=\"1894\">Francesc Zucchitello<\/strong>, presidente de la Asociaci\u00f3n de Hosteler\u00eda de Tossa de Mar, exige una mayor <strong data-start=\"1971\" data-end=\"1995\">rendici\u00f3n de cuentas<\/strong> por parte de los ayuntamientos. Actualmente, solo el <strong data-start=\"2049\" data-end=\"2178\">25% de los municipios gerundenses publican memorias detalladas sobre el uso de los fondos provenientes del impuesto tur\u00edstico<\/strong>.<\/p>\n<p class=\"\" data-start=\"2181\" data-end=\"2683\">En este contexto, los representantes del sector han solicitado una <strong data-start=\"2248\" data-end=\"2294\">revisi\u00f3n de las tarifas seg\u00fan la temporada<\/strong> y han rechazado el uso de los ingresos para cubrir <strong data-start=\"2346\" data-end=\"2403\">d\u00e9ficits en otros sectores de la administraci\u00f3n local<\/strong>. <strong data-start=\"2405\" data-end=\"2420\">Anna Portas<\/strong>, presidenta de la Asociaci\u00f3n de Hosteler\u00eda de Blanes, ha criticado que desde <strong data-start=\"2498\" data-end=\"2506\">2017<\/strong>, los ayuntamientos hayan utilizado parte de estos fondos para \u00ab<strong data-start=\"2570\" data-end=\"2588\">tapar agujeros<\/strong>\u00bb como la reparaci\u00f3n de calles o la adquisici\u00f3n de equipos de aire acondicionado para escuelas.<\/p>\n<p class=\"\" data-start=\"2685\" data-end=\"2807\">El sector se mantiene firme en su demanda de ser incluido en las <strong data-start=\"2750\" data-end=\"2806\">decisiones sobre la gesti\u00f3n de los fondos tur\u00edsticos<\/strong>.<\/p>\n","protected":false},"excerpt":{"rendered":"<p>El sector tur\u00edstico gerundense ha expresado un rechazo contundente al nuevo decreto ley 6\/2025, que modifica el impuesto sobre las estancias en establecimientos tur\u00edsticos. En una rueda de prensa celebrada en la ciudad de Girona, representantes de la Federaci\u00f3n de Hosteler\u00eda y Turismo de las Comarcas de Girona, la Asociaci\u00f3n de Campings Girona, la Asociaci\u00f3n &hellip;<\/p>\n","protected":false},"author":408,"featured_media":27052,"comment_status":"closed","ping_status":"open","sticky":false,"template":"","format":"standard","meta":[],"categories":[61],"tags":[],"_links":{"self":[{"href":"https:\/\/www.comunicatur.info\/es\/wp-json\/wp\/v2\/posts\/27056"}],"collection":[{"href":"https:\/\/www.comunicatur.info\/es\/wp-json\/wp\/v2\/posts"}],"about":[{"href":"https:\/\/www.comunicatur.info\/es\/wp-json\/wp\/v2\/types\/post"}],"author":[{"embeddable":true,"href":"https:\/\/www.comunicatur.info\/es\/wp-json\/wp\/v2\/users\/408"}],"replies":[{"embeddable":true,"href":"https:\/\/www.comunicatur.info\/es\/wp-json\/wp\/v2\/comments?post=27056"}],"version-history":[{"count":3,"href":"https:\/\/www.comunicatur.info\/es\/wp-json\/wp\/v2\/posts\/27056\/revisions"}],"predecessor-version":[{"id":27059,"href":"https:\/\/www.comunicatur.info\/es\/wp-json\/wp\/v2\/posts\/27056\/revisions\/27059"}],"wp:featuredmedia":[{"embeddable":true,"href":"https:\/\/www.comunicatur.info\/es\/wp-json\/wp\/v2\/media\/27052"}],"wp:attachment":[{"href":"https:\/\/www.comunicatur.info\/es\/wp-json\/wp\/v2\/media?parent=27056"}],"wp:term":[{"taxonomy":"category","embeddable":true,"href":"https:\/\/www.comunicatur.info\/es\/wp-json\/wp\/v2\/categories?post=27056"},{"taxonomy":"post_tag","embeddable":true,"href":"https:\/\/www.comunicatur.info\/es\/wp-json\/wp\/v2\/tags?post=27056"}],"curies":[{"name":"wp","href":"https:\/\/api.w.org\/{rel}","templated":true}]}}