{"id":27038,"date":"2025-04-15T00:00:10","date_gmt":"2025-04-14T22:00:10","guid":{"rendered":"https:\/\/www.comunicatur.info\/?p=27038"},"modified":"2025-05-05T18:58:28","modified_gmt":"2025-05-05T16:58:28","slug":"el-queso-roquefort-atractivo-turistico-en-el-corazon-del-aveyron","status":"publish","type":"post","link":"https:\/\/www.comunicatur.info\/es\/el-queso-roquefort-atractivo-turistico-en-el-corazon-del-aveyron\/","title":{"rendered":"El queso Roquefort, atractivo tur\u00edstico en el coraz\u00f3n del Aveyron"},"content":{"rendered":"<p>Hace ya tiempo que gastronom\u00eda y turismo se dan la mano. En la zona de elaboraci\u00f3n del Roquefort lo saben bien, ya que los peque\u00f1os pueblos alrededor de Roquefort-sur-Soulzon hace tiempo que han sabido combinar un territorio de gran atractivo con las famosas cuevas naturales que posibilitan la elaboraci\u00f3n del rey de los quesos.<\/p>\n<p>La zona del <a href=\"https:\/\/www.roquefort-tourisme.fr\/es\" target=\"_blank\" rel=\"noopener\"><strong>Pays du Roquefort<\/strong><\/a> se encuentra cerca de la ciudad de <strong>Millau<\/strong>, en el departamento del Aveyron (regi\u00f3n de Occitania, sureste de Francia), a unas cuatro horas de Barcelona. All\u00ed, al sur del <strong>Parque Natural Regional de los Grandes Causses<\/strong>, <strong>en la meseta de Larzac y al pie del<\/strong> <strong>macizo rocoso del Combalou<\/strong> los caprichos geol\u00f3gicos posibilitaron la aparici\u00f3n de unas cuevas naturales excavadas en la misma roca, bien ventiladas por sus fisuras igualmente naturales, que permiten la circulaci\u00f3n del aire bajo tierra.<\/p>\n<p>En esta zona rural, de grandes espacios, dedicada a la ganader\u00eda, se produce este queso de leche cruda coagulada de oveja, famoso por <strong>sus inconfundibles vetas verdeazuladas<\/strong>, que los pastores elaboraban desde tiempos inmemoriales y que los romanos ya ensalzaron. Gracias a estas cuevas, cuya humedad y temperatura posibilitan la proliferaci\u00f3n del hongo <em>Penicilium roqueforti<\/em>, el verdadero responsable de las caracter\u00edsticas de este queso \u00fanico, junto al saber hacer de los artesanos afinadores, es donde reposa y se convierte en el rey de los quesos.<\/p>\n<figure id=\"attachment_27036\" aria-describedby=\"caption-attachment-27036\" style=\"width: 200px\" class=\"wp-caption alignright\"><img class=\"size-medium wp-image-27036\" src=\"https:\/\/www.comunicatur.info\/wp-content\/uploads\/2025\/04\/075A5633-Caves-Roquefort-SOCIETE-\u00a9Julien-Abellan-200x300.jpg\" alt=\"\" width=\"200\" height=\"300\" srcset=\"https:\/\/www.comunicatur.info\/wp-content\/uploads\/2025\/04\/075A5633-Caves-Roquefort-SOCIETE-\u00a9Julien-Abellan-200x300.jpg 200w, https:\/\/www.comunicatur.info\/wp-content\/uploads\/2025\/04\/075A5633-Caves-Roquefort-SOCIETE-\u00a9Julien-Abellan-683x1024.jpg 683w, https:\/\/www.comunicatur.info\/wp-content\/uploads\/2025\/04\/075A5633-Caves-Roquefort-SOCIETE-\u00a9Julien-Abellan-768x1152.jpg 768w, https:\/\/www.comunicatur.info\/wp-content\/uploads\/2025\/04\/075A5633-Caves-Roquefort-SOCIETE-\u00a9Julien-Abellan-600x900.jpg 600w, https:\/\/www.comunicatur.info\/wp-content\/uploads\/2025\/04\/075A5633-Caves-Roquefort-SOCIETE-\u00a9Julien-Abellan-1024x1536.jpg 1024w, https:\/\/www.comunicatur.info\/wp-content\/uploads\/2025\/04\/075A5633-Caves-Roquefort-SOCIETE-\u00a9Julien-Abellan-1365x2048.jpg 1365w, https:\/\/www.comunicatur.info\/wp-content\/uploads\/2025\/04\/075A5633-Caves-Roquefort-SOCIETE-\u00a9Julien-Abellan-scaled.jpg 1707w\" sizes=\"(max-width: 200px) 100vw, 200px\" \/><figcaption id=\"caption-attachment-27036\" class=\"wp-caption-text\">Caves Roquefort SOCIETE \u00a9Julien Abellan<\/figcaption><\/figure>\n<p><strong>En el a\u00f1o 1925 el queso Roquefort fue el primero del mundo en obtener la AOP (Apellation d\u2019Origine Proteg\u00e9e) que sigue ostentado un siglo despu\u00e9s.<\/strong> Las <a href=\"https:\/\/www.roquefort.fr\/\" target=\"_blank\" rel=\"noopener\"><strong>visitas a las bodegas queseras<\/strong><\/a> forman parte ya de un atractivo tur\u00edstico m\u00e1s del Aveyron y por eso este a\u00f1o se celebra por todo lo alto este centenario.<\/p>\n<h4><strong>7 y 8 de junio: Roquefort en Fiesta<\/strong><\/h4>\n<p>Cien a\u00f1os de excelencia, tradici\u00f3n y pasi\u00f3n reunidos bajo el prestigioso sello de la AOP conforman un excepcional legado, que merece una gran celebraci\u00f3n: <a href=\"https:\/\/roquefort-en-fete.fr\/\" target=\"_blank\" rel=\"noopener\"><strong><em>Roquefort en f\u00eate<\/em><\/strong><\/a>. Tendr\u00e1 lugar en el coraz\u00f3n de la regi\u00f3n quesera, la poblaci\u00f3n de <strong>Roquefort-sur-Soulzon<\/strong> y ser\u00e1 una edici\u00f3n inolvidable, donde la convivencia y el refinamiento se mezclar\u00e1n con los aromas sutiles de este legendario queso. Habr\u00e1 animaciones y espect\u00e1culos culinarios, exposiciones y visitas a las bodegas, conciertos, excursiones tem\u00e1ticas, etc. Destacamos:<\/p>\n<ul>\n<li><strong>S\u00e1bado gourmet:<\/strong> tres chefs de renombre ofrecen bocadillos excepcionales, para degustar en el coraz\u00f3n del pueblo.<br \/>\n\u2022 Domingo: <strong>batalla de chefs e influencers culinarios:<\/strong> un desaf\u00edos gourmet donde la creatividad y los sabores estar\u00e1n en juego.<br \/>\n\u2022 <strong>Espect\u00e1culo de drones y piromusical:<\/strong> un final impresionante para iluminar el cielo de Roquefort-sur-Soulzon.<br \/>\n\u2022 <strong>Visitas a las cavas de Roquefort<\/strong>, desde las m\u00e1s grandes a las m\u00e1s peque\u00f1as; desde la m\u00e1s famosa a la m\u00e1s artesanal y desde la visita libre a una visita guiada. Estas visitas se pueden realizar a lo largo de todo el a\u00f1o.<\/li>\n<\/ul>\n<p>Adem\u00e1s, se han creado unos itinerarios de gran inter\u00e9s:<br \/>\n<strong>Sendero de las escaleras. <\/strong>Sigue el camino de los pastores de anta\u00f1o.\u00a0 Es un sendero escarpado, que serv\u00eda para llevar comida a los pastores encaramados en la meseta del Combalou con su reba\u00f1o. Pasaba por dos escaleras vertiginosas, colgadas del acantilado. Hoy no es tan escarpado, pero sube hasta el <strong>puerto de<\/strong> <strong>Aigui\u00e8res<\/strong> y tiene como puntos de inter\u00e9s los <strong>\u00c9boulis du Combalou<\/strong> (formaci\u00f3n rocosa resultante de los movimientos tect\u00f3nicos que crearon la meseta calc\u00e1rea y las cuevas de Roquefort), una vista panor\u00e1mica sobre el <strong>Circo de Tournemire<\/strong> y una degustaci\u00f3n de Roquefort.<\/p>\n<p><strong>Ruta ciclista V\u00e9lo &amp; Fromages Brebis\u2019Cyclette en Saint-Affrique. <\/strong>Este juego de palabras que mezcla <em>brebis<\/em> (oveja) con bicicleta es un interesante itinerario ciclista se\u00f1alizado que permite descubrir todos los secretos del Roquefort y del patrimonio agropastoral. La ruta parte de la localidad de <strong>Saint-Affrique <\/strong>y recorre el <strong>valle del r\u00edo Sorgue<\/strong>, localidades de gran encanto como el pueblo templario de <strong>Saint-Jean d\u2019Alcas<\/strong> y naturalmente <strong>Roquefort<\/strong>, con sus bodegas y paradas para realizar catas.<br \/>\nRuta de 61 kil\u00f3metros y un desnivel positivo de 937 metros.<\/p>\n<p>Ten\u00e9is m\u00e1s informaci\u00f3n en la web de la <a href=\"https:\/\/www.tourisme-aveyron.com\/es\/bienvenido\" target=\"_blank\" rel=\"noopener\"><strong>Oficina de Turismo del Aveyron<\/strong><\/a>.<\/p>\n","protected":false},"excerpt":{"rendered":"<p>Hace ya tiempo que gastronom\u00eda y turismo se dan la mano. En la zona de elaboraci\u00f3n del Roquefort lo saben bien, ya que los peque\u00f1os pueblos alrededor de Roquefort-sur-Soulzon hace tiempo que han sabido combinar un territorio de gran atractivo con las famosas cuevas naturales que posibilitan la elaboraci\u00f3n del rey de los quesos. La &hellip;<\/p>\n","protected":false},"author":408,"featured_media":27034,"comment_status":"closed","ping_status":"open","sticky":false,"template":"","format":"standard","meta":[],"categories":[64],"tags":[],"_links":{"self":[{"href":"https:\/\/www.comunicatur.info\/es\/wp-json\/wp\/v2\/posts\/27038"}],"collection":[{"href":"https:\/\/www.comunicatur.info\/es\/wp-json\/wp\/v2\/posts"}],"about":[{"href":"https:\/\/www.comunicatur.info\/es\/wp-json\/wp\/v2\/types\/post"}],"author":[{"embeddable":true,"href":"https:\/\/www.comunicatur.info\/es\/wp-json\/wp\/v2\/users\/408"}],"replies":[{"embeddable":true,"href":"https:\/\/www.comunicatur.info\/es\/wp-json\/wp\/v2\/comments?post=27038"}],"version-history":[{"count":3,"href":"https:\/\/www.comunicatur.info\/es\/wp-json\/wp\/v2\/posts\/27038\/revisions"}],"predecessor-version":[{"id":27041,"href":"https:\/\/www.comunicatur.info\/es\/wp-json\/wp\/v2\/posts\/27038\/revisions\/27041"}],"wp:featuredmedia":[{"embeddable":true,"href":"https:\/\/www.comunicatur.info\/es\/wp-json\/wp\/v2\/media\/27034"}],"wp:attachment":[{"href":"https:\/\/www.comunicatur.info\/es\/wp-json\/wp\/v2\/media?parent=27038"}],"wp:term":[{"taxonomy":"category","embeddable":true,"href":"https:\/\/www.comunicatur.info\/es\/wp-json\/wp\/v2\/categories?post=27038"},{"taxonomy":"post_tag","embeddable":true,"href":"https:\/\/www.comunicatur.info\/es\/wp-json\/wp\/v2\/tags?post=27038"}],"curies":[{"name":"wp","href":"https:\/\/api.w.org\/{rel}","templated":true}]}}