{"id":27026,"date":"2025-04-16T00:00:21","date_gmt":"2025-04-15T22:00:21","guid":{"rendered":"https:\/\/www.comunicatur.info\/?p=27026"},"modified":"2025-04-11T18:35:59","modified_gmt":"2025-04-11T16:35:59","slug":"crecimiento-del-4-del-pib-turistico-en-2025-y-evolucion-positiva-del-primer-trimestre","status":"publish","type":"post","link":"https:\/\/www.comunicatur.info\/es\/crecimiento-del-4-del-pib-turistico-en-2025-y-evolucion-positiva-del-primer-trimestre\/","title":{"rendered":"Crecimiento del 4% del PIB tur\u00edstico en 2025 y evoluci\u00f3n positiva del primer trimestre"},"content":{"rendered":"<p class=\"\" data-start=\"458\" data-end=\"843\">El primer trimestre de 2025 ha confirmado la buena salud del turismo en Espa\u00f1a, con un crecimiento del PIB tur\u00edstico del 3,2% interanual, seg\u00fan el \u00faltimo informe publicado por Exceltur. Esta cifra supera el ritmo de crecimiento general de la econom\u00eda espa\u00f1ola y confirma la resiliencia del sector, a pesar del impacto de la meteorolog\u00eda adversa en marzo y del contexto global incierto.<\/p>\n<h4 data-start=\"845\" data-end=\"898\"><strong data-start=\"849\" data-end=\"898\">Catalu\u00f1a: crecimiento moderado pero sostenido<\/strong><\/h4>\n<p class=\"\" data-start=\"900\" data-end=\"1457\">En clave catalana, Exceltur destaca <strong data-start=\"936\" data-end=\"1039\">crecimientos significativos en destinos como la Costa Brava (+5,1%) y la Costa de Barcelona (+3,2%)<\/strong>, impulsados sobre todo por la demanda internacional. En cambio, los hoteles urbanos han acusado el impacto del calendario del Mobile World Congress, que este a\u00f1o se celebr\u00f3 antes, distorsionando las comparaciones interanuales. De cara al segundo trimestre, <strong data-start=\"1297\" data-end=\"1358\">las previsiones apuntan a un aumento del 3,9% en Catalu\u00f1a<\/strong>, una cifra positiva pero inferior a otros territorios como el Pa\u00eds Vasco (+6,9%) o Madrid (+6,7%).<\/p>\n<h4 data-start=\"1459\" data-end=\"1526\"><strong data-start=\"1463\" data-end=\"1526\">Retos empresariales: absentismo e incertidumbre regulatoria<\/strong><\/h4>\n<p class=\"\" data-start=\"1528\" data-end=\"1916\">El informe tambi\u00e9n pone el foco en retos internos que preocupan a las empresas tur\u00edsticas. Uno de los m\u00e1s destacados es el <strong data-start=\"1651\" data-end=\"1679\">alto nivel de absentismo<\/strong>, que alcanza el 7,7% en el sector del alojamiento y el 7,5% en el transporte terrestre. Esta situaci\u00f3n afecta a unos 124.000 trabajadores y genera tensiones organizativas que pueden comprometer la calidad del servicio en temporada alta.<\/p>\n<p class=\"\" data-start=\"1918\" data-end=\"2264\">Asimismo, Exceltur advierte contra la <strong data-start=\"1956\" data-end=\"2005\">imposici\u00f3n de nuevos tributos y restricciones<\/strong> que impactan negativamente en la cadena de valor tur\u00edstica. El informe se\u00f1ala especialmente los recargos previstos en lugares como Catalu\u00f1a o Baleares, y reclama sustituirlos por medidas de gesti\u00f3n activa, pactadas y orientadas a resolver problemas de fondo.<\/p>\n<h4 data-start=\"2266\" data-end=\"2342\"><strong data-start=\"2270\" data-end=\"2342\">Demanda internacional al alza y buenas previsiones para Semana Santa<\/strong><\/h4>\n<p class=\"\" data-start=\"2344\" data-end=\"2616\">Tanto el turismo dom\u00e9stico como el internacional mantienen buenas din\u00e1micas: <strong data-start=\"2421\" data-end=\"2480\">el gasto de los espa\u00f1oles en turismo ha crecido un 5,6%<\/strong> respecto al primer trimestre de 2024, mientras que el gasto tur\u00edstico internacional ha aumentado un <strong data-start=\"2581\" data-end=\"2615\">7,2% seg\u00fan la Balanza de Pagos<\/strong>.<\/p>\n<p class=\"\" data-start=\"2618\" data-end=\"2991\">De cara a Semana Santa y la primavera, las empresas tur\u00edsticas anticipan un <strong data-start=\"2694\" data-end=\"2727\">incremento del 5,3% en ventas<\/strong> y del 5,6% en resultados, con perspectivas positivas en todo tipo de destinos (costa, interior, ciudades y monta\u00f1a). Los subsectores m\u00e1s optimistas son el <strong data-start=\"2883\" data-end=\"2918\">transporte de pasajeros (+7,8%)<\/strong>, el <strong data-start=\"2923\" data-end=\"2953\">alquiler de coches (+8,5%)<\/strong> y las <strong data-start=\"2960\" data-end=\"2990\">agencias de viajes (+7,6%)<\/strong>.<\/p>\n","protected":false},"excerpt":{"rendered":"<p>El primer trimestre de 2025 ha confirmado la buena salud del turismo en Espa\u00f1a, con un crecimiento del PIB tur\u00edstico del 3,2% interanual, seg\u00fan el \u00faltimo informe publicado por Exceltur. Esta cifra supera el ritmo de crecimiento general de la econom\u00eda espa\u00f1ola y confirma la resiliencia del sector, a pesar del impacto de la meteorolog\u00eda &hellip;<\/p>\n","protected":false},"author":408,"featured_media":27027,"comment_status":"closed","ping_status":"open","sticky":false,"template":"","format":"standard","meta":[],"categories":[74],"tags":[],"_links":{"self":[{"href":"https:\/\/www.comunicatur.info\/es\/wp-json\/wp\/v2\/posts\/27026"}],"collection":[{"href":"https:\/\/www.comunicatur.info\/es\/wp-json\/wp\/v2\/posts"}],"about":[{"href":"https:\/\/www.comunicatur.info\/es\/wp-json\/wp\/v2\/types\/post"}],"author":[{"embeddable":true,"href":"https:\/\/www.comunicatur.info\/es\/wp-json\/wp\/v2\/users\/408"}],"replies":[{"embeddable":true,"href":"https:\/\/www.comunicatur.info\/es\/wp-json\/wp\/v2\/comments?post=27026"}],"version-history":[{"count":3,"href":"https:\/\/www.comunicatur.info\/es\/wp-json\/wp\/v2\/posts\/27026\/revisions"}],"predecessor-version":[{"id":27031,"href":"https:\/\/www.comunicatur.info\/es\/wp-json\/wp\/v2\/posts\/27026\/revisions\/27031"}],"wp:featuredmedia":[{"embeddable":true,"href":"https:\/\/www.comunicatur.info\/es\/wp-json\/wp\/v2\/media\/27027"}],"wp:attachment":[{"href":"https:\/\/www.comunicatur.info\/es\/wp-json\/wp\/v2\/media?parent=27026"}],"wp:term":[{"taxonomy":"category","embeddable":true,"href":"https:\/\/www.comunicatur.info\/es\/wp-json\/wp\/v2\/categories?post=27026"},{"taxonomy":"post_tag","embeddable":true,"href":"https:\/\/www.comunicatur.info\/es\/wp-json\/wp\/v2\/tags?post=27026"}],"curies":[{"name":"wp","href":"https:\/\/api.w.org\/{rel}","templated":true}]}}