{"id":27017,"date":"2025-04-24T00:00:20","date_gmt":"2025-04-23T22:00:20","guid":{"rendered":"https:\/\/www.comunicatur.info\/?p=27017"},"modified":"2025-04-22T16:18:39","modified_gmt":"2025-04-22T14:18:39","slug":"el-maresme-apuesta-por-el-bienestar-como-reclamo-turistico","status":"publish","type":"post","link":"https:\/\/www.comunicatur.info\/es\/el-maresme-apuesta-por-el-bienestar-como-reclamo-turistico\/","title":{"rendered":"El Maresme apuesta por el bienestar como reclamo tur\u00edstico"},"content":{"rendered":"<p class=\"\" data-start=\"365\" data-end=\"626\">El Consorci de Promoci\u00f3 Tur\u00edstica Costa del Maresme ha lanzado la campa\u00f1a <strong data-start=\"474\" data-end=\"502\">\u201cConecta con el Maresme\u201d<\/strong>, una nueva propuesta audiovisual que busca posicionar la comarca como un <strong data-start=\"576\" data-end=\"625\">destino de referencia en turismo de bienestar<\/strong>.<\/p>\n<p class=\"\" data-start=\"628\" data-end=\"980\">El v\u00eddeo promocional recorre enclaves emblem\u00e1ticos del territorio, como las calas entre <strong data-start=\"716\" data-end=\"745\">Calella y Sant Pol de Mar<\/strong>, los <strong data-start=\"751\" data-end=\"811\">ba\u00f1os de bosque en el Parque del Montnegre y el Corredor<\/strong>, y muestra actividades como <strong data-start=\"840\" data-end=\"935\">yoga, senderismo, balnearios y experiencias gastron\u00f3micas con producto local y de temporada<\/strong>\u200b<button class=\"ms-1 flex h-[22px] items-center rounded-xl px-2 relative bottom-[-2px] bg-[#f4f4f4] text-token-text-secondary! hover:bg-token-text-primary hover:text-token-main-surface-secondary! dark:bg-token-main-surface-secondary dark:hover:bg-token-text-primary\"><\/button>.<\/p>\n<p class=\"\" data-start=\"982\" data-end=\"1214\">Con esta acci\u00f3n, el Maresme se suma a una tendencia global al alza que pone el foco en la <strong data-start=\"1072\" data-end=\"1124\">salud, la naturaleza y la desconexi\u00f3n consciente<\/strong>, apostando por un modelo tur\u00edstico m\u00e1s sostenible y orientado al equilibrio cuerpo-mente.<\/p>\n<p class=\"\" data-start=\"1216\" data-end=\"1621\">La campa\u00f1a se difundir\u00e1 a trav\u00e9s de <strong data-start=\"1252\" data-end=\"1303\">redes sociales, ferias y eventos especializados<\/strong> tanto a nivel nacional como internacional. El v\u00eddeo ya est\u00e1 disponible en <a class=\"\" href=\"https:\/\/www.youtube.com\/watch?v=n1mkjhUcS-k\" target=\"_new\" rel=\"noopener\" data-start=\"1378\" data-end=\"1432\">YouTube<\/a> y toda la informaci\u00f3n puede consultarse en el portal oficial: <a class=\"\" href=\"https:\/\/www.turismemaresme.cat\/ca\/que-fer\/salut-i-benestar\/\" target=\"_new\" rel=\"noopener\" data-start=\"1495\" data-end=\"1576\">turismemaresme.cat<\/a><\/p>\n<p><iframe title=\"YouTube video player\" src=\"https:\/\/www.youtube.com\/embed\/n1mkjhUcS-k?si=P8wuOTwDatomprty&amp;start=18\" width=\"560\" height=\"315\" frameborder=\"0\" allowfullscreen=\"allowfullscreen\"><\/iframe><\/p>\n","protected":false},"excerpt":{"rendered":"<p>El Consorci de Promoci\u00f3 Tur\u00edstica Costa del Maresme ha lanzado la campa\u00f1a \u201cConecta con el Maresme\u201d, una nueva propuesta audiovisual que busca posicionar la comarca como un destino de referencia en turismo de bienestar. El v\u00eddeo promocional recorre enclaves emblem\u00e1ticos del territorio, como las calas entre Calella y Sant Pol de Mar, los ba\u00f1os de &hellip;<\/p>\n","protected":false},"author":408,"featured_media":27012,"comment_status":"closed","ping_status":"open","sticky":false,"template":"","format":"standard","meta":[],"categories":[62],"tags":[],"_links":{"self":[{"href":"https:\/\/www.comunicatur.info\/es\/wp-json\/wp\/v2\/posts\/27017"}],"collection":[{"href":"https:\/\/www.comunicatur.info\/es\/wp-json\/wp\/v2\/posts"}],"about":[{"href":"https:\/\/www.comunicatur.info\/es\/wp-json\/wp\/v2\/types\/post"}],"author":[{"embeddable":true,"href":"https:\/\/www.comunicatur.info\/es\/wp-json\/wp\/v2\/users\/408"}],"replies":[{"embeddable":true,"href":"https:\/\/www.comunicatur.info\/es\/wp-json\/wp\/v2\/comments?post=27017"}],"version-history":[{"count":3,"href":"https:\/\/www.comunicatur.info\/es\/wp-json\/wp\/v2\/posts\/27017\/revisions"}],"predecessor-version":[{"id":27020,"href":"https:\/\/www.comunicatur.info\/es\/wp-json\/wp\/v2\/posts\/27017\/revisions\/27020"}],"wp:featuredmedia":[{"embeddable":true,"href":"https:\/\/www.comunicatur.info\/es\/wp-json\/wp\/v2\/media\/27012"}],"wp:attachment":[{"href":"https:\/\/www.comunicatur.info\/es\/wp-json\/wp\/v2\/media?parent=27017"}],"wp:term":[{"taxonomy":"category","embeddable":true,"href":"https:\/\/www.comunicatur.info\/es\/wp-json\/wp\/v2\/categories?post=27017"},{"taxonomy":"post_tag","embeddable":true,"href":"https:\/\/www.comunicatur.info\/es\/wp-json\/wp\/v2\/tags?post=27017"}],"curies":[{"name":"wp","href":"https:\/\/api.w.org\/{rel}","templated":true}]}}