{"id":27004,"date":"2025-04-28T00:00:47","date_gmt":"2025-04-27T22:00:47","guid":{"rendered":"https:\/\/www.comunicatur.info\/?p=27004"},"modified":"2025-04-24T18:24:41","modified_gmt":"2025-04-24T16:24:41","slug":"los-boomers-lideran-el-gasto-turistico-pero-siguen-siendo-los-grandes-olvidados-del-sector","status":"publish","type":"post","link":"https:\/\/www.comunicatur.info\/es\/los-boomers-lideran-el-gasto-turistico-pero-siguen-siendo-los-grandes-olvidados-del-sector\/","title":{"rendered":"Los \u2018boomers\u2019 lideran el gasto tur\u00edstico, pero siguen siendo los grandes olvidados del sector"},"content":{"rendered":"<p class=\"\" data-start=\"593\" data-end=\"957\">Mientras el debate sobre la <strong data-start=\"621\" data-end=\"663\">diversificaci\u00f3n de la oferta tur\u00edstica<\/strong> sigue vigente, un nuevo estudio de la <strong data-start=\"702\" data-end=\"743\">Universitat Oberta de Catalunya (UOC)<\/strong> pone el foco en un desequilibrio evidente: los <strong data-start=\"791\" data-end=\"810\">viajeros s\u00e9nior<\/strong>, aunque lideran el <strong data-start=\"830\" data-end=\"849\">gasto en viajes<\/strong>, contin\u00faan siendo un colectivo <strong data-start=\"881\" data-end=\"902\">infrarepresentado<\/strong> en las estrategias de producto y marketing del sector.<\/p>\n<p class=\"\" data-start=\"959\" data-end=\"1415\">Seg\u00fan el estudio, elaborado a partir de datos del <strong data-start=\"1009\" data-end=\"1016\">INE<\/strong>, <strong data-start=\"1018\" data-end=\"1030\">Statista<\/strong> y el <strong data-start=\"1036\" data-end=\"1074\">IV Bar\u00f3metro del consumidor s\u00e9nior<\/strong>, el <strong data-start=\"1079\" data-end=\"1117\">60 % del gasto tur\u00edstico en Espa\u00f1a<\/strong> ya proviene del colectivo de <strong data-start=\"1147\" data-end=\"1169\">mayores de 55 a\u00f1os<\/strong>, que adem\u00e1s contribuye con un <strong data-start=\"1200\" data-end=\"1224\">25 % al PIB nacional<\/strong>. Este grupo, que <strong data-start=\"1242\" data-end=\"1272\">rompe con los estereotipos<\/strong> asociados al envejecimiento, <strong data-start=\"1302\" data-end=\"1362\">busca experiencias de calidad, confort y personalizaci\u00f3n<\/strong>, y <strong data-start=\"1366\" data-end=\"1399\">no tiene reparos en pagar m\u00e1s<\/strong> por obtenerlas.<\/p>\n<h4 data-start=\"1417\" data-end=\"1456\"><strong data-start=\"1420\" data-end=\"1456\">M\u00e1s all\u00e1 del turista del IMSERSO<\/strong><\/h4>\n<p class=\"\" data-start=\"1458\" data-end=\"1765\">El estudio desmonta mitos persistentes sobre el perfil del turista s\u00e9nior, tradicionalmente vinculado a los <strong data-start=\"1566\" data-end=\"1606\">viajes organizados en temporada baja<\/strong>. El profesor <strong data-start=\"1620\" data-end=\"1640\">Pablo D\u00edaz Luque<\/strong>, de los Estudios de Econom\u00eda y Empresa de la UOC e investigador del grupo <strong data-start=\"1715\" data-end=\"1725\">NOUTUR<\/strong>, se\u00f1ala que este perfil est\u00e1 cambiando.<\/p>\n<blockquote>\n<p data-start=\"1458\" data-end=\"1765\">Los s\u00e9nior representan el <strong data-start=\"475\" data-end=\"513\">60 % del gasto tur\u00edstico en Espa\u00f1a<\/strong>, pero el sector sigue centrando su estrategia en otros perfiles de viajeros<\/p>\n<\/blockquote>\n<p class=\"\" data-start=\"1767\" data-end=\"2099\">\u201cRechazan las prisas y la masificaci\u00f3n, y no se sienten c\u00f3modos con servicios impersonalizados o excesivamente digitalizados\u201d, explica D\u00edaz. \u201cBuscan propuestas con atenci\u00f3n humana, alojamientos adaptados, servicios personalizados en restauraci\u00f3n y gu\u00edas para las experiencias, y est\u00e1n dispuestos a pagar por estos valores a\u00f1adidos\u201d.<\/p>\n<p class=\"\" data-start=\"2101\" data-end=\"2384\">Adem\u00e1s, su inter\u00e9s <strong data-start=\"2120\" data-end=\"2169\">no se limita a destinos cercanos y econ\u00f3micos<\/strong>: tambi\u00e9n <strong data-start=\"2179\" data-end=\"2210\">apuestan por viajes lejanos<\/strong> si est\u00e1n <strong data-start=\"2220\" data-end=\"2241\">bien planificados<\/strong> y ofrecen <strong data-start=\"2252\" data-end=\"2290\">est\u00e1ndares de confort occidentales<\/strong>. <strong data-start=\"2292\" data-end=\"2311\">Francia, Italia<\/strong>, pero tambi\u00e9n <strong data-start=\"2326\" data-end=\"2345\">Jap\u00f3n o Turqu\u00eda<\/strong>, figuran entre sus destinos favoritos.<\/p>\n<p class=\"\" data-start=\"2386\" data-end=\"2709\">\u201cSe suele afirmar que estos turistas prefieren los viajes cercanos a los lejanos y ex\u00f3ticos, y los planificados y de presupuesto cerrado a los m\u00e1s libres\u201d, a\u00f1ade el profesor. \u201cSin embargo, tambi\u00e9n se dice que sus viajes tienen un gasto medio m\u00e1s alto y m\u00e1s comodidades\u201d, lo que rompe la visi\u00f3n simplista del viajero s\u00e9nior.<\/p>\n<h4 data-start=\"2711\" data-end=\"2754\"><strong data-start=\"2714\" data-end=\"2754\">Una oportunidad por aprovechar<\/strong><\/h4>\n<p class=\"\" data-start=\"2756\" data-end=\"3200\">Pese a su <strong data-start=\"2766\" data-end=\"2789\">potencial econ\u00f3mico<\/strong>, el <strong data-start=\"2794\" data-end=\"2859\">sector tur\u00edstico a\u00fan no ha adaptado suficientemente su oferta<\/strong> a este colectivo. La <strong data-start=\"2881\" data-end=\"2905\">accesibilidad f\u00edsica<\/strong>, la <strong data-start=\"2910\" data-end=\"2929\">personalizaci\u00f3n<\/strong> y el <strong data-start=\"2935\" data-end=\"2951\">trato humano<\/strong> son claves, pero tambi\u00e9n lo es <strong data-start=\"2983\" data-end=\"3043\">la forma de comunicar y comercializar estas experiencias<\/strong>. El reto, se\u00f1ala el estudio, es <strong data-start=\"3076\" data-end=\"3105\">superar la brecha digital<\/strong> que dificulta el acceso a los servicios digitalizados por parte de parte del colectivo s\u00e9nior.<\/p>\n<p class=\"\" data-start=\"3202\" data-end=\"3594\">El <strong data-start=\"3205\" data-end=\"3239\">Changing Traveller Report 2025<\/strong> se\u00f1ala que <strong data-start=\"3251\" data-end=\"3310\">m\u00e1s de la mitad de los espa\u00f1oles prev\u00e9n viajar este a\u00f1o<\/strong>, y que <strong data-start=\"3318\" data-end=\"3368\">el \u00fanico freno real es la econom\u00eda, no la edad<\/strong>. Ante un mercado con una <strong data-start=\"3394\" data-end=\"3431\">clara tendencia al envejecimiento<\/strong> y con <strong data-start=\"3438\" data-end=\"3465\">alta capacidad de gasto<\/strong>, el sector tiene ante s\u00ed una <strong data-start=\"3495\" data-end=\"3551\">gran oportunidad para reorientar su oferta tur\u00edstica<\/strong> y hacerla <strong data-start=\"3562\" data-end=\"3593\">m\u00e1s inclusiva y competitiva<\/strong>.<\/p>\n","protected":false},"excerpt":{"rendered":"<p>Mientras el debate sobre la diversificaci\u00f3n de la oferta tur\u00edstica sigue vigente, un nuevo estudio de la Universitat Oberta de Catalunya (UOC) pone el foco en un desequilibrio evidente: los viajeros s\u00e9nior, aunque lideran el gasto en viajes, contin\u00faan siendo un colectivo infrarepresentado en las estrategias de producto y marketing del sector. Seg\u00fan el estudio, &hellip;<\/p>\n","protected":false},"author":408,"featured_media":27001,"comment_status":"closed","ping_status":"open","sticky":false,"template":"","format":"standard","meta":[],"categories":[64],"tags":[],"_links":{"self":[{"href":"https:\/\/www.comunicatur.info\/es\/wp-json\/wp\/v2\/posts\/27004"}],"collection":[{"href":"https:\/\/www.comunicatur.info\/es\/wp-json\/wp\/v2\/posts"}],"about":[{"href":"https:\/\/www.comunicatur.info\/es\/wp-json\/wp\/v2\/types\/post"}],"author":[{"embeddable":true,"href":"https:\/\/www.comunicatur.info\/es\/wp-json\/wp\/v2\/users\/408"}],"replies":[{"embeddable":true,"href":"https:\/\/www.comunicatur.info\/es\/wp-json\/wp\/v2\/comments?post=27004"}],"version-history":[{"count":3,"href":"https:\/\/www.comunicatur.info\/es\/wp-json\/wp\/v2\/posts\/27004\/revisions"}],"predecessor-version":[{"id":27007,"href":"https:\/\/www.comunicatur.info\/es\/wp-json\/wp\/v2\/posts\/27004\/revisions\/27007"}],"wp:featuredmedia":[{"embeddable":true,"href":"https:\/\/www.comunicatur.info\/es\/wp-json\/wp\/v2\/media\/27001"}],"wp:attachment":[{"href":"https:\/\/www.comunicatur.info\/es\/wp-json\/wp\/v2\/media?parent=27004"}],"wp:term":[{"taxonomy":"category","embeddable":true,"href":"https:\/\/www.comunicatur.info\/es\/wp-json\/wp\/v2\/categories?post=27004"},{"taxonomy":"post_tag","embeddable":true,"href":"https:\/\/www.comunicatur.info\/es\/wp-json\/wp\/v2\/tags?post=27004"}],"curies":[{"name":"wp","href":"https:\/\/api.w.org\/{rel}","templated":true}]}}