{"id":26954,"date":"2025-04-08T00:00:38","date_gmt":"2025-04-07T22:00:38","guid":{"rendered":"https:\/\/www.comunicatur.info\/?p=26954"},"modified":"2025-04-07T19:04:13","modified_gmt":"2025-04-07T17:04:13","slug":"alcaldes-y-empresarios-del-pallars-sobira-alertan-que-el-decreto-de-inundabilidad-puede-cerrar-a-14-campings","status":"publish","type":"post","link":"https:\/\/www.comunicatur.info\/es\/alcaldes-y-empresarios-del-pallars-sobira-alertan-que-el-decreto-de-inundabilidad-puede-cerrar-a-14-campings\/","title":{"rendered":"Alcaldes y empresarios del Pallars Sobir\u00e0 alertan que el decreto de inundabilidad puede cerrar 14 campings"},"content":{"rendered":"<p>Los alcaldes del <strong>Pallars Sobir\u00e0<\/strong> y los representantes del sector de los campings de la comarca han expresado su preocupaci\u00f3n por la aprobaci\u00f3n de un <strong>decreto ley<\/strong> por parte del Gobierno de la Generalitat que regula la evaluaci\u00f3n del grado de inundabilidad de los campings. Seg\u00fan el decreto, aquellos campings que no cumplan con las condiciones de seguridad podr\u00edan verse obligados a cerrar.<\/p>\n<p>Los representantes locales han alertado de que la medida podr\u00eda afectar a hasta <strong>14 de los 21 campings<\/strong> de la comarca, con la p\u00e9rdida de <strong>unos 1.600 lugares de acampada<\/strong> de las m\u00e1s de <strong>2.000 plazas<\/strong> existentes actualmente en el Pallars Sobir\u00e0.<\/p>\n<p>El presidente del Consejo Comarcal, <strong>Carles Isus<\/strong>, ha criticado que el decreto no haya contado con la participaci\u00f3n previa del sector ni de las administraciones locales. Isus ha expresado que la aprobaci\u00f3n de esta norma podr\u00eda tener un impacto econ\u00f3mico muy negativo para la comarca y ha pedido m\u00e1s tiempo para que las autoridades locales y el sector puedan presentar sus aportaciones antes de su aprobaci\u00f3n final.<\/p>\n<p>En respuesta, los alcaldes y los empresarios han creado una <strong>Comisi\u00f3n de Trabajo mixta<\/strong> para reunirse con los grupos parlamentarios antes del debate del decreto en el <strong>Parlamento<\/strong>. Si no se logran cambios, los representantes del sector han anunciado que no descartan iniciar <strong>movilizaciones<\/strong> para hacer visible su postura.<\/p>\n<p>Tras una reuni\u00f3n entre la Generalitat y la Federaci\u00f3n de Campings, la Generalitat ha comentado que retirar\u00e1 del orden del d\u00eda del Parlament la discusi\u00f3n del decreto para dar tiempo a negociar con el sector y recoger tambi\u00e9n su visi\u00f3n.<\/p>\n<p>Desde el sector, tambi\u00e9n se han propuesto alternativas para mejorar la seguridad sin tener que cerrar los campings, como la implementaci\u00f3n de <strong>sistemas de alerta y gesti\u00f3n de riesgos<\/strong>. Adem\u00e1s, el presidente del Consejo Comarcal ha se\u00f1alado que la <strong>Agencia Catalana del Agua (ACA)<\/strong> y la <strong>Confederaci\u00f3n Hidrogr\u00e1fica del Ebro (CHE)<\/strong> tienen un papel clave en la mejora del mantenimiento de los r\u00edos y barrancos, lo que podr\u00eda reducir los riesgos de inundaci\u00f3n.<\/p>\n<p>Los alcaldes y representantes del sector seguir\u00e1n presionando para que el <strong>Gobierno revise<\/strong> la norma y permita una <strong>evaluaci\u00f3n m\u00e1s detallada<\/strong> de las condiciones de los campings antes de tomar decisiones que afecten a la actividad econ\u00f3mica de la comarca.<\/p>\n","protected":false},"excerpt":{"rendered":"<p>Los alcaldes del Pallars Sobir\u00e0 y los representantes del sector de los campings de la comarca han expresado su preocupaci\u00f3n por la aprobaci\u00f3n de un decreto ley por parte del Gobierno de la Generalitat que regula la evaluaci\u00f3n del grado de inundabilidad de los campings. Seg\u00fan el decreto, aquellos campings que no cumplan con las &hellip;<\/p>\n","protected":false},"author":408,"featured_media":26952,"comment_status":"closed","ping_status":"open","sticky":false,"template":"","format":"standard","meta":[],"categories":[62],"tags":[],"_links":{"self":[{"href":"https:\/\/www.comunicatur.info\/es\/wp-json\/wp\/v2\/posts\/26954"}],"collection":[{"href":"https:\/\/www.comunicatur.info\/es\/wp-json\/wp\/v2\/posts"}],"about":[{"href":"https:\/\/www.comunicatur.info\/es\/wp-json\/wp\/v2\/types\/post"}],"author":[{"embeddable":true,"href":"https:\/\/www.comunicatur.info\/es\/wp-json\/wp\/v2\/users\/408"}],"replies":[{"embeddable":true,"href":"https:\/\/www.comunicatur.info\/es\/wp-json\/wp\/v2\/comments?post=26954"}],"version-history":[{"count":3,"href":"https:\/\/www.comunicatur.info\/es\/wp-json\/wp\/v2\/posts\/26954\/revisions"}],"predecessor-version":[{"id":26962,"href":"https:\/\/www.comunicatur.info\/es\/wp-json\/wp\/v2\/posts\/26954\/revisions\/26962"}],"wp:featuredmedia":[{"embeddable":true,"href":"https:\/\/www.comunicatur.info\/es\/wp-json\/wp\/v2\/media\/26952"}],"wp:attachment":[{"href":"https:\/\/www.comunicatur.info\/es\/wp-json\/wp\/v2\/media?parent=26954"}],"wp:term":[{"taxonomy":"category","embeddable":true,"href":"https:\/\/www.comunicatur.info\/es\/wp-json\/wp\/v2\/categories?post=26954"},{"taxonomy":"post_tag","embeddable":true,"href":"https:\/\/www.comunicatur.info\/es\/wp-json\/wp\/v2\/tags?post=26954"}],"curies":[{"name":"wp","href":"https:\/\/api.w.org\/{rel}","templated":true}]}}