{"id":26927,"date":"2025-04-04T00:00:17","date_gmt":"2025-04-03T22:00:17","guid":{"rendered":"https:\/\/www.comunicatur.info\/?p=26927"},"modified":"2025-04-02T19:59:05","modified_gmt":"2025-04-02T17:59:05","slug":"el-sector-del-turismo-acuatico-respira-aliviado-pero-con-sorpresa-de-impuestos","status":"publish","type":"post","link":"https:\/\/www.comunicatur.info\/es\/el-sector-del-turismo-acuatico-respira-aliviado-pero-con-sorpresa-de-impuestos\/","title":{"rendered":"El sector del turismo acu\u00e1tico respira aliviado, pero con sorpresa de impuestos"},"content":{"rendered":"<p>El fin de la sequ\u00eda en Catalu\u00f1a est\u00e1 teniendo una <strong>consecuencia positiva para algunos negocios tur\u00edsticos<\/strong>, como las <strong>actividades n\u00e1uticas<\/strong>. El aumento del nivel de los embalses est\u00e1 haciendo <strong>regresar a las empresas que alquilan kayaks y embarcaciones a los pantanos<\/strong>.<\/p>\n<p>Uno de los <strong>retornos m\u00e1s significativos<\/strong> ha sido la activaci\u00f3n de la oferta n\u00e1utica en el <strong>ic\u00f3nico Congosto de Montrebei<\/strong>, en la provincia de Lleida, despu\u00e9s de <strong>3 a\u00f1os parada por la falta de agua<\/strong>.<\/p>\n<p>Pero no todo son buenas noticias, ya que la <strong>ACA (Agencia Catalana del Agua)<\/strong> ha subido <strong>las tasas de las embarcaciones de las cuencas internas<\/strong>. Seg\u00fan ha informado la emisora RAC1, la subida llega hasta un <strong>450%<\/strong>. Esto significa que algunas tendr\u00e1n que pagar <strong>9.000 euros de golpe para poder operar<\/strong> sin saber si en unos meses podr\u00e1n continuar con su actividad, seg\u00fan la cr\u00f3nica.<\/p>\n<p>La subida de tasas est\u00e1 haciendo que <strong>empresarios del sector piensen en reducir el n\u00famero de embarcaciones<\/strong> que ofrecer\u00e1n a los turistas. La cadena radiof\u00f3nica ha explicado que \u201chasta ahora ten\u00edan que pagar <strong>18 euros al a\u00f1o por cada kayak<\/strong>, pero ahora esta cifra se ha elevado a <strong>100 euros<\/strong>\u201d, y ponen el ejemplo de c\u00f3mo una empresa que tuviera 20 kayaks pasar\u00eda de pagar 360 euros a casi <strong>2.000 euros<\/strong>. As\u00ed que podr\u00eda darse que algunas <strong>no abrieran este verano<\/strong>.<\/p>\n<p>Los profesionales afectados piden a la administraci\u00f3n que <strong>retire o reduzca la tasa<\/strong>. En unas semanas tendr\u00e1n que tomar la <strong>decisi\u00f3n de abrir o cerrar este verano<\/strong>. Con la p\u00e9rdida de <strong>competitividad<\/strong> que supone este gravamen a las embarcaciones, algunos empresarios est\u00e1n <strong>dejando el sector<\/strong> o, en el mejor de los casos, modificando su negocio de actividades acu\u00e1ticas por otras de <strong>turismo activo<\/strong>, como puede ser la escalada o el senderismo por la monta\u00f1a.<\/p>\n","protected":false},"excerpt":{"rendered":"<p>El fin de la sequ\u00eda en Catalu\u00f1a est\u00e1 teniendo una consecuencia positiva para algunos negocios tur\u00edsticos, como las actividades n\u00e1uticas. El aumento del nivel de los embalses est\u00e1 haciendo regresar a las empresas que alquilan kayaks y embarcaciones a los pantanos. Uno de los retornos m\u00e1s significativos ha sido la activaci\u00f3n de la oferta n\u00e1utica &hellip;<\/p>\n","protected":false},"author":408,"featured_media":26924,"comment_status":"closed","ping_status":"open","sticky":false,"template":"","format":"standard","meta":[],"categories":[61],"tags":[],"_links":{"self":[{"href":"https:\/\/www.comunicatur.info\/es\/wp-json\/wp\/v2\/posts\/26927"}],"collection":[{"href":"https:\/\/www.comunicatur.info\/es\/wp-json\/wp\/v2\/posts"}],"about":[{"href":"https:\/\/www.comunicatur.info\/es\/wp-json\/wp\/v2\/types\/post"}],"author":[{"embeddable":true,"href":"https:\/\/www.comunicatur.info\/es\/wp-json\/wp\/v2\/users\/408"}],"replies":[{"embeddable":true,"href":"https:\/\/www.comunicatur.info\/es\/wp-json\/wp\/v2\/comments?post=26927"}],"version-history":[{"count":2,"href":"https:\/\/www.comunicatur.info\/es\/wp-json\/wp\/v2\/posts\/26927\/revisions"}],"predecessor-version":[{"id":26929,"href":"https:\/\/www.comunicatur.info\/es\/wp-json\/wp\/v2\/posts\/26927\/revisions\/26929"}],"wp:featuredmedia":[{"embeddable":true,"href":"https:\/\/www.comunicatur.info\/es\/wp-json\/wp\/v2\/media\/26924"}],"wp:attachment":[{"href":"https:\/\/www.comunicatur.info\/es\/wp-json\/wp\/v2\/media?parent=26927"}],"wp:term":[{"taxonomy":"category","embeddable":true,"href":"https:\/\/www.comunicatur.info\/es\/wp-json\/wp\/v2\/categories?post=26927"},{"taxonomy":"post_tag","embeddable":true,"href":"https:\/\/www.comunicatur.info\/es\/wp-json\/wp\/v2\/tags?post=26927"}],"curies":[{"name":"wp","href":"https:\/\/api.w.org\/{rel}","templated":true}]}}