{"id":26910,"date":"2025-04-01T00:21:09","date_gmt":"2025-03-31T22:21:09","guid":{"rendered":"https:\/\/www.comunicatur.info\/?p=26910"},"modified":"2025-04-01T00:21:09","modified_gmt":"2025-03-31T22:21:09","slug":"la-diputacion-de-barcelona-presenta-la-campana-sin-ir-mas-lejos","status":"publish","type":"post","link":"https:\/\/www.comunicatur.info\/es\/la-diputacion-de-barcelona-presenta-la-campana-sin-ir-mas-lejos\/","title":{"rendered":"La Diputaci\u00f3n de Barcelona presenta la campa\u00f1a \u201cSin ir m\u00e1s lejos\u201d"},"content":{"rendered":"<p>La campa\u00f1a se dirige al p\u00fablico local y de proximidad, con especial \u00e9nfasis en el segmento de entre los 55 a los 70 a\u00f1os. <strong>Por este motivo el spot lo protagoniza una pareja s\u00e9nior barcelonesa que sale de fin de semana<\/strong> para recorrer diferentes espacios de las comarcas de Barcelona.<\/p>\n<p>No es casual el inter\u00e9s por este sector de la poblaci\u00f3n, puesto que, en general, se trata de personas activas, con inter\u00e9s en la cultura, la gastronom\u00eda y la naturaleza y que pueden sentirse muy ligadas emocionalmente a las experiencias pr\u00f3ximas que ofrece el territorio.<br \/>\nAdem\u00e1s, <strong>el mercado dom\u00e9stico contin\u00faa teniendo un peso importante para el destino<\/strong>, como lo demuestran los diferentes informes del <a href=\"https:\/\/www.diba.cat\/es\/web\/turisme\/labturismo\" target=\"_blank\" rel=\"noopener\"><strong>Laboratorio de Turismo<\/strong><\/a> de la Diputaci\u00f3n de Barcelona. As\u00ed, por ejemplo, un 28,4% de las personas que visitan la demarcaci\u00f3n de Barcelona son catalanas.<\/p>\n<p>En la presentaci\u00f3n de la campa\u00f1a, que se hizo en el sal\u00f3n B-Travel, la diputada de Turismo de la Diputaci\u00f3n de Barcelona, <strong>Ana Herrera<\/strong>, a\u00f1adi\u00f3 que <strong>\u201cEsta cifra nos confirma que cada vez m\u00e1s personas optan para hacer turismo sin ir m\u00e1s lejos, redescubriendo la riqueza y diversidad del territorio, y esto no solo ayuda a desestacionalizar el turismo, sino que tambi\u00e9n fortalece las econom\u00edas locales y fomenta una conexi\u00f3n m\u00e1s aut\u00e9ntica entre visitantes y residentes.\u201d<\/strong><\/p>\n<p>Todo esto queda reflejado en el lema de la campa\u00f1a, <strong>\u201cSin ir m\u00e1s lejos\u201d<\/strong>, que refuerza la idea de proximidad y que se pueden vivir experiencias enriquecedoras muy cerca. El lema se complementa con el mensaje de <strong>\u201cDesconectar para volver a conectar\u201d.<\/strong><\/p>\n<p>Adem\u00e1s, tambi\u00e9n se ha pensado que llegue a diferentes p\u00fablicos con mensajes sectoriales:<\/p>\n<ul>\n<li>\u201cDescubrir nuevos sabores\u201d (*enogastronomia)<\/li>\n<li>\u201cPasi\u00f3n por la vi\u00f1a\u201d (*enoturisme)<\/li>\n<li>\u201cDisfrutar en familia\u201d (turismo familiar)<\/li>\n<li>\u201cDescubrir la excelencia\u201d (turismo premium)<\/li>\n<li>\u201cLa autenticidad del mundo rural\u201d (turismo rural)<\/li>\n<li>\u201cDescubrir el territorio haciendo deporte\u201d (turismo deportivo)<\/li>\n<li>\u201cDisfrutar del arte y de la cultura\u201d (turismo cultural)<\/li>\n<li>\u201cTe damos la bienvenida\u201d (colectivo LGTBI)<\/li>\n<li>\u201cDescubre el modernismo\u201d (modernismo)<\/li>\n<\/ul>\n<p><strong>El objetivo de la campa\u00f1a es triple<\/strong>: posicionar las comarcas de Barcelona como destino tur\u00edstico de inter\u00e9s entre el p\u00fablico local y de proximidad; promocionar el turismo de calidad, responsable y sostenible e impulsar la marca tur\u00edstica <a href=\"https:\/\/www.barcelonaesmoltmes.cat\/es\/\" target=\"_blank\" rel=\"noopener\"><strong>Barcelona es mucho m\u00e1s<\/strong><\/a>.<\/p>\n<p>El spot ha sido producido por RDC Comunicaci\u00f3n y La Creativa bajo la direcci\u00f3n de Hug Cirici, y cuenta con m\u00fasica creada originalmente para la campa\u00f1a, interpretada por Merc\u00e8 Mart\u00ednez.<\/p>\n<p><a href=\"https:\/\/www.youtube.com\/watch?v=PjzKEry3FH4\" target=\"_blank\" rel=\"noopener\"><strong><em>Quiero ver el spot.<\/em><\/strong><\/a><\/p>\n<blockquote><p><em>El spot tiene una est\u00e9tica cinematogr\u00e1fica y emocional y se ha rodado en Barcelona, Matar\u00f3, Alella, Mura, Pont de Pedret y Sant Jaume de Frontany\u00e0, lugares representativos de las marcas Costa Barcelona, Paisajes Barcelona, y Pirineos Barcelona.<\/em><\/p><\/blockquote>\n<p><center><iframe title=\"YouTube video player\" src=\"https:\/\/www.youtube.com\/embed\/Pa4fSys9_8o?si=k47ZrCn6y1DLR-vi\" width=\"560\" height=\"315\" frameborder=\"0\" allowfullscreen=\"allowfullscreen\"><\/iframe><\/center><\/p>\n","protected":false},"excerpt":{"rendered":"<p>La campa\u00f1a se dirige al p\u00fablico local y de proximidad, con especial \u00e9nfasis en el segmento de entre los 55 a los 70 a\u00f1os. Por este motivo el spot lo protagoniza una pareja s\u00e9nior barcelonesa que sale de fin de semana para recorrer diferentes espacios de las comarcas de Barcelona. No es casual el inter\u00e9s &hellip;<\/p>\n","protected":false},"author":408,"featured_media":26908,"comment_status":"closed","ping_status":"open","sticky":false,"template":"","format":"standard","meta":[],"categories":[68],"tags":[],"_links":{"self":[{"href":"https:\/\/www.comunicatur.info\/es\/wp-json\/wp\/v2\/posts\/26910"}],"collection":[{"href":"https:\/\/www.comunicatur.info\/es\/wp-json\/wp\/v2\/posts"}],"about":[{"href":"https:\/\/www.comunicatur.info\/es\/wp-json\/wp\/v2\/types\/post"}],"author":[{"embeddable":true,"href":"https:\/\/www.comunicatur.info\/es\/wp-json\/wp\/v2\/users\/408"}],"replies":[{"embeddable":true,"href":"https:\/\/www.comunicatur.info\/es\/wp-json\/wp\/v2\/comments?post=26910"}],"version-history":[{"count":1,"href":"https:\/\/www.comunicatur.info\/es\/wp-json\/wp\/v2\/posts\/26910\/revisions"}],"predecessor-version":[{"id":26911,"href":"https:\/\/www.comunicatur.info\/es\/wp-json\/wp\/v2\/posts\/26910\/revisions\/26911"}],"wp:featuredmedia":[{"embeddable":true,"href":"https:\/\/www.comunicatur.info\/es\/wp-json\/wp\/v2\/media\/26908"}],"wp:attachment":[{"href":"https:\/\/www.comunicatur.info\/es\/wp-json\/wp\/v2\/media?parent=26910"}],"wp:term":[{"taxonomy":"category","embeddable":true,"href":"https:\/\/www.comunicatur.info\/es\/wp-json\/wp\/v2\/categories?post=26910"},{"taxonomy":"post_tag","embeddable":true,"href":"https:\/\/www.comunicatur.info\/es\/wp-json\/wp\/v2\/tags?post=26910"}],"curies":[{"name":"wp","href":"https:\/\/api.w.org\/{rel}","templated":true}]}}