{"id":26901,"date":"2025-03-31T00:39:00","date_gmt":"2025-03-30T22:39:00","guid":{"rendered":"https:\/\/www.comunicatur.info\/?p=26901"},"modified":"2025-03-31T00:39:00","modified_gmt":"2025-03-30T22:39:00","slug":"los-26-000-visitantes-de-b-travel-2025-han-puesto-rumbo-a-un-turismo-mas-sostenible-y-de-calidad","status":"publish","type":"post","link":"https:\/\/www.comunicatur.info\/es\/los-26-000-visitantes-de-b-travel-2025-han-puesto-rumbo-a-un-turismo-mas-sostenible-y-de-calidad\/","title":{"rendered":"Los 26.000 visitantes de B-Travel 2025 han puesto rumbo a un turismo m\u00e1s sostenible y de calidad"},"content":{"rendered":"<p>B-Travel, el sal\u00f3n de turismo organizado por Fira de Barcelona, cierra una edici\u00f3n marcada por el fomento y promoci\u00f3n de un turismo m\u00e1s sostenible y de calidad despu\u00e9s de tres d\u00edas de gran actividad. Adem\u00e1s de congregar a miles de visitantes, que han conocido las propuestas de sus m\u00e1s de 120 expositores directos y 600 indirectos, el sal\u00f3n ha tomado la iniciativa en pro de un turismo m\u00e1s respetuoso con la publicaci\u00f3n del Dec\u00e1logo del Viajero Responsable con consejos para mitigar el impacto de la actividad tur\u00edstica en el entorno.<\/p>\n<p>Desde el viernes y a pocas horas de su clausura, el evento ha recibido la visita de m\u00e1s de 26.000 personas que han acudido al recinto ferial de Montju\u00efc en busca de ofertas e informaci\u00f3n para organizar su pr\u00f3xima Semana Santa o las vacaciones de verano, dando as\u00ed inicio a la campa\u00f1a tur\u00edstica de este a\u00f1o 2025.<\/p>\n<p>Los asistentes han mostrado una especial preferencia por destinos de proximidad como Catalunya u otras Comunidades Aut\u00f3nomas como Arag\u00f3n, Andaluc\u00eda, Canarias, Galicia o Extremadura, destacando el inter\u00e9s que han despertado las ciudades de Ceuta y Melilla, novedades de la edici\u00f3n de este a\u00f1o. En cuanto a la oferta internacional, Cear\u00e1 en Brasil y la Rep\u00fablica Dominicana han sido los dos destinos m\u00e1s solicitados por los visitantes.<\/p>\n<p>El presidente del sal\u00f3n, Mart\u00ed Sarrate, ha destacado que\u00a0<em>\u201cB-Travel ha puesto de relieve que el sector ha de apostar de manera firme y decidida por una actividad m\u00e1s sostenible y respetuosa con el entorno\u201d.<\/em><\/p>\n<p>En este sentido, Sarrate ha se\u00f1alado que\u00a0<em>\u201cel sal\u00f3n ha sido pionero en esta cuesti\u00f3n con la publicaci\u00f3n del Dec\u00e1logo del Viajero Responsable, gracias a la colaboraci\u00f3n de Biosphere y al apoyo de la Diputaci\u00f3 de Barcelona y del Gobierno de Arag\u00f3n\u201d<\/em>\u00a0y ha defendido que\u00a0<em>\u201cpara cumplir con el objetivo de un turismo m\u00e1s sostenible, es fundamental llevar a cabo pol\u00edticas para la desestacionalizaci\u00f3n de esta actividad\u201d.<\/em><\/p>\n<p>En esta l\u00ednea, la directora del evento, Marta Serra, ha comentado que \u201ctras el cierre de su edici\u00f3n presencial, B-Travel seguir\u00e1 activo a nivel digital para que el p\u00fablico pueda seguir buscando informaci\u00f3n sobre destinos, adem\u00e1s de ofrecerle rutas personalizadas en funci\u00f3n de sus intereses\u201d.<\/p>\n<p><strong>Gastronom\u00eda y actividades para profesionales<\/strong><br \/>\nEn el marco del reconocimiento de Catalunya como Regi\u00f3n Mundial de la Gastronom\u00eda, el B-Delicious Fest, el espacio enogastron\u00f3mico del sal\u00f3n, ha dado especial protagonismo a los productos de proximidad y sostenibles que cuentan con la distinci\u00f3n de Denominaci\u00f3n de Origen Protegida (DOP) y la Indicaci\u00f3n Geogr\u00e1fica Protegida (IGP) como los arroces del Delta de l\u2019Ebre o las alcachofas de El Prat de Llobregat. A lo largo de estos tres d\u00edas, se han servido m\u00e1s de 4.000 degustaciones.<\/p>\n<p>Adem\u00e1s de dirigirse al viajero final, B-Travel ha contado con una destacada agenda de actividades como el primer Foro Sostenibilidad y Competitividad, organizado conjuntamente con Biosphere, los talleres de sostenibilidad para pymes de la plataforma Travel 2 Care People and Planet, una nueva edici\u00f3n del ACAVe Travel Market, organizada por la Asociaci\u00f3n Corporativa de Agencias de Viaje Especializadas (ACAVe), el B-Travel Job Market Place de Barcelona Activa, la IV Jornada de Turismo Universal y Accesibilidad o la sesi\u00f3n Pedal Spain de la Asociaci\u00f3n ConBici Coordinadora en Defensa de la Bici.<\/p>\n<p>La pr\u00f3xima edici\u00f3n de B-Travel tendr\u00e1 lugar del 20 al 22 de marzo de 2026.<\/p>\n","protected":false},"excerpt":{"rendered":"<p>B-Travel, el sal\u00f3n de turismo organizado por Fira de Barcelona, cierra una edici\u00f3n marcada por el fomento y promoci\u00f3n de un turismo m\u00e1s sostenible y de calidad despu\u00e9s de tres d\u00edas de gran actividad. Adem\u00e1s de congregar a miles de visitantes, que han conocido las propuestas de sus m\u00e1s de 120 expositores directos y 600 &hellip;<\/p>\n","protected":false},"author":408,"featured_media":26897,"comment_status":"closed","ping_status":"open","sticky":false,"template":"","format":"standard","meta":[],"categories":[63],"tags":[],"_links":{"self":[{"href":"https:\/\/www.comunicatur.info\/es\/wp-json\/wp\/v2\/posts\/26901"}],"collection":[{"href":"https:\/\/www.comunicatur.info\/es\/wp-json\/wp\/v2\/posts"}],"about":[{"href":"https:\/\/www.comunicatur.info\/es\/wp-json\/wp\/v2\/types\/post"}],"author":[{"embeddable":true,"href":"https:\/\/www.comunicatur.info\/es\/wp-json\/wp\/v2\/users\/408"}],"replies":[{"embeddable":true,"href":"https:\/\/www.comunicatur.info\/es\/wp-json\/wp\/v2\/comments?post=26901"}],"version-history":[{"count":2,"href":"https:\/\/www.comunicatur.info\/es\/wp-json\/wp\/v2\/posts\/26901\/revisions"}],"predecessor-version":[{"id":26903,"href":"https:\/\/www.comunicatur.info\/es\/wp-json\/wp\/v2\/posts\/26901\/revisions\/26903"}],"wp:featuredmedia":[{"embeddable":true,"href":"https:\/\/www.comunicatur.info\/es\/wp-json\/wp\/v2\/media\/26897"}],"wp:attachment":[{"href":"https:\/\/www.comunicatur.info\/es\/wp-json\/wp\/v2\/media?parent=26901"}],"wp:term":[{"taxonomy":"category","embeddable":true,"href":"https:\/\/www.comunicatur.info\/es\/wp-json\/wp\/v2\/categories?post=26901"},{"taxonomy":"post_tag","embeddable":true,"href":"https:\/\/www.comunicatur.info\/es\/wp-json\/wp\/v2\/tags?post=26901"}],"curies":[{"name":"wp","href":"https:\/\/api.w.org\/{rel}","templated":true}]}}