{"id":26872,"date":"2025-03-25T00:00:19","date_gmt":"2025-03-24T22:00:19","guid":{"rendered":"https:\/\/www.comunicatur.info\/?p=26872"},"modified":"2025-03-24T19:43:25","modified_gmt":"2025-03-24T17:43:25","slug":"b-travel-2025-reune-a-120-expositores-con-ofertas-de-turismo-sostenible","status":"publish","type":"post","link":"https:\/\/www.comunicatur.info\/es\/b-travel-2025-reune-a-120-expositores-con-ofertas-de-turismo-sostenible\/","title":{"rendered":"B-Travel 2025 re\u00fane a 120 expositores con ofertas de turismo sostenible"},"content":{"rendered":"<p><strong><a href=\"http:\/\/registration.firabarcelona.com\/?utm_source=comunicatur&amp;utm_medium=banner&amp;utm_campaign=venta_entrada&amp;utm_id=visitante#\/tickets\/selection-list\" target=\"_blank\" rel=\"noopener\">Del 28 al 30 de marzo, vuelve B-Travel, el sal\u00f3n de turismo de Fira de Barcelona<\/a>, con la mayor oferta en clave de sostenibilidad. Con la participaci\u00f3n de 120 expositores directos y 600 indirectos, los destinos sostenibles y de calidad nacionales e internacionales son los grandes protagonistas de una cita ferial que da el pistoletazo de salida a la temporada tur\u00edstica de 2025 y que cuenta con la presencia, por primera vez, de N\u00e1poles, la isla de Madeira, la regi\u00f3n Pyr\u00e9n\u00e9es Audoises, Ceuta y Melilla.<\/strong><\/p>\n<p>Organizado por Fira de Barcelona, el sal\u00f3n que tendr\u00e1 lugar en el palacio 8 del recinto de Montju\u00efc contar\u00e1 con la participaci\u00f3n de grandes nombres del sector tur\u00edstico nacional e internacional como Paradores de Turismo de Espa\u00f1a, Port Aventura World, Viajes El Corte Ingl\u00e9s o RACC Travel, entre otros, adem\u00e1s de presentar todo tipo de propuestas para hacer turismo desde el rural hasta el LGTBIQ+, pasando por el industrial o el ferroviario.<\/p>\n<p>El presidente del B-Travel, Mart\u00ed Sarrate, ha se\u00f1alado que\u00a0<em>\u201cel sal\u00f3n ha hecho una gran apuesta por la sostenibilidad, ya que el turismo ser\u00e1 sostenible o no ser\u00e1\u201d<\/em>. En este sentido, Sarrate ha destacado que\u00a0<em>\u201cun turismo m\u00e1s respetuoso con el entorno natural es un turismo de mayor calidad, que adem\u00e1s facilita la desestacionalizaci\u00f3n, lo que repercute de manera positiva al hacer crecer el uso de los productos tur\u00edsticos durante todo el a\u00f1o\u201d.<\/em><\/p>\n<p>La apuesta de B-Travel por un turismo m\u00e1s sostenible se ha concretado en la publicaci\u00f3n del \u2018Dec\u00e1logo del Viajero Responsable\u2019, una gu\u00eda elaborada en colaboraci\u00f3n con la certificaci\u00f3n Biosphere y con el apoyo de la Diputaci\u00f3 de Barcelona y la Diputaci\u00f3n General de Arag\u00f3n y que presenta una serie de recomendaciones para que los viajeros sean conscientes de la importancia del impacto de su visita en el entorno.<\/p>\n<p>Adem\u00e1s, el propio dise\u00f1o del sal\u00f3n, con iniciativas de residuo cero como la reducci\u00f3n en la instalaci\u00f3n de moqueta o de pl\u00e1sticos de un solo uso, quiere plasmar el camino que ha de seguir el sector para minimizar su impacto medioambiental.<\/p>\n<p><strong>Amplia oferta nacional e internacional<\/strong><br \/>\nUn a\u00f1o m\u00e1s, B-Travel se convierte en la gran agencia de viajes para el consumidor final, ofreciendo una gran gama de destinos nacionales e internacionales. En 2025, el visitante podr\u00e1 conocer los atractivos tur\u00edsticos de las ciudades aut\u00f3nomas de Ceuta y Melilla, como gran novedad, cuya oferta se suma a la totalidad de las Comunidades Aut\u00f3nomas con la participaci\u00f3n de Andaluc\u00eda, Arag\u00f3n, Asturias, Canarias, Cantabria, Castilla-La Mancha, Castilla y Le\u00f3n, Galicia, Extremadura, Navarra, Madrid, La Rioja y Regi\u00f3n de Murcia.<\/p>\n<p>Adem\u00e1s, la oferta de Baleares estar\u00e1 representada por Ibiza y Menorca; la Comunidad Valenciana, por la Diputaci\u00f3 de Val\u00e8ncia, Costa-Blanca (Alicante) y Oropesa de Mar (Castell\u00f3n) y la del Pa\u00eds Vasco, por Vitoria-Gasteiz. A nivel local, destaca la presencia de la localidad tinerfe\u00f1a de Arona y de la tarraconense de Calafell con una oferta diferenciada.<\/p>\n<p>Estos destinos se a\u00f1aden a la tradicional participaci\u00f3n de la Ag\u00e8ncia Catalana de Turisme de la Generalitat de Catalunya y a la de los patronatos provinciales de turismo de las diputaciones de Barcelona, Girona, Lleida y Tarragona, as\u00ed como de Turisme de Barcelona, que instalar\u00e1 un Bus Tur\u00edstic de doble planta en el que se vender\u00e1n tickets con un 50% de descuento en una promoci\u00f3n especial destinada en exclusiva a los visitantes del sal\u00f3n.<\/p>\n<p>En cuanto a la oferta internacional, destaca la participaci\u00f3n de Cuba, Cear\u00e0 (Brasil), Croacia, Algarve, centro de Portugal, Lisboa, Madeira, Oporto, N\u00e1poles, las regiones francesas Tarn et Garonne y Pyr\u00e9n\u00e9es Audoises, as\u00ed como la Rep\u00fablica Dominicana a trav\u00e9s de sus organismos oficiales de promoci\u00f3n tur\u00edstica.<br \/>\nAsimismo, un total de 40 agencias especializadas ofrecer\u00e1n la posibilidad de viajar a Albania, el \u00c1rtico, Argentina, Bulgaria, Colombia, Corea, Chile, el Everest, Estados Unidos, Irlanda, Suecia o Uzbekist\u00e1n, entre otras regiones y pa\u00edses.<\/p>\n<p>La oferta que presentan los operadores de cruceros ser\u00e1 otro de los grandes atractivos con la participaci\u00f3n de Crucemundo, Cruceros Australis, Hurtigruten, MSC Cruceros y Royal Caribbean Cruises.<\/p>\n<p>La directora del sal\u00f3n, Marta Serra, ha se\u00f1alado que\u00a0<em>\u201cB-Travel se consolida como la plataforma referente para los viajeros con la celebraci\u00f3n del sal\u00f3n y con su presencia digital durante todo el a\u00f1o con rutas personalizadas, contribuyendo a la desestacionalizaci\u00f3n de la actividad tur\u00edstica\u201d<\/em>. Serra ha destacado tambi\u00e9n que\u00a0<em>\u201cadem\u00e1s, este a\u00f1o potenciamos la sostenibilidad con medidas concretas en el sal\u00f3n y con diversas jornadas en este \u00e1mbito\u201d.<\/em><\/p>\n<p>En este sentido, B-Travel se estructura a trav\u00e9s de seis \u00e1reas relacionadas con el tipo de experiencia que se quiera vivir (B-Delicious Fest, B-Culture, B-Special, B-Adventure, B-Happy y B-Industrial).<\/p>\n<p>En esta misma l\u00ednea de hacer m\u00e1s din\u00e1mica la visita, los asistentes podr\u00e1n optar a los premios del B-Travel Passport participando en una yincana en la que deber\u00e1n superar diversas pruebas de empresas colaboradoras para lograr los sellos con los que rellenar el pasaporte y optar a todo tipo de premios y obsequios valorados en 5.000 euros.<\/p>\n<p><strong>Gastronom\u00eda de kil\u00f3metro cero<\/strong><br \/>\nEn el marco del reconocimiento de Catalunya como Regi\u00f3n Mundial de la Gastronom\u00eda 2025, B-Travel volver\u00e1 a ofrecer a todos sus visitantes la posibilidad de degustar 18 especialidades gastron\u00f3micas sostenibles, de proximidad y kil\u00f3metro cero en B-Delicious Fest, su espacio enogastron\u00f3mico. Bajo la producci\u00f3n de la Associaci\u00f3 de Gastronom\u00eda i Turisme del Baix Llobregat (AGT), la carta va desde el arroz del Delta de l\u2019Ebre hasta la ternera del Pirineu, pasando por la avellana de Reus, poniendo de manifiesto la rica variedad de la gastronom\u00eda m\u00e1s local.<br \/>\nLa oferta gastron\u00f3mica se completa con un recorrido por la geograf\u00eda espa\u00f1ola con fabadas o cachopos y por la internacional con recetas argentinas, japonesas, italianas o mexicanas.<\/p>\n<p><strong>M\u00e1s actividades para los profesionales<\/strong><br \/>\nAunque su p\u00fablico objetivo es el viajero final, B-Travel cuenta con una destacada agenda de actividades dirigidas a los profesionales del sector. El 27 de marzo por la noche, se entregan los Premios CETT Alimara Barcelona que llegan a su 40\u00aa edici\u00f3n mientras la gran parte de las jornadas tienen lugar a lo largo del d\u00eda 28, primer d\u00eda de sal\u00f3n en el que se celebrar\u00e1 el primer Foro Sostenibilidad y Competitividad y los talleres de sostenibilidad para pymes en el marco de las jornadas B-Smart Travel.<\/p>\n<p>Tambi\u00e9n, se llevar\u00e1n a cabo unas nuevas ediciones del ACAVe Travel Market y del B-Travel Job Market Place, as\u00ed como la IV Jornada de Turismo Universal y Accesibilidad, las jornadas de B-Industrial, la sesi\u00f3n Pedal Spain de fomento del cicloturismo y la jornada Especial Ruta del C\u00edster de la revista Descobrir editada por Abacus.<\/p>\n","protected":false},"excerpt":{"rendered":"<p>Del 28 al 30 de marzo, vuelve B-Travel, el sal\u00f3n de turismo de Fira de Barcelona, con la mayor oferta en clave de sostenibilidad. Con la participaci\u00f3n de 120 expositores directos y 600 indirectos, los destinos sostenibles y de calidad nacionales e internacionales son los grandes protagonistas de una cita ferial que da el pistoletazo &hellip;<\/p>\n","protected":false},"author":408,"featured_media":26866,"comment_status":"closed","ping_status":"open","sticky":false,"template":"","format":"standard","meta":[],"categories":[63],"tags":[],"_links":{"self":[{"href":"https:\/\/www.comunicatur.info\/es\/wp-json\/wp\/v2\/posts\/26872"}],"collection":[{"href":"https:\/\/www.comunicatur.info\/es\/wp-json\/wp\/v2\/posts"}],"about":[{"href":"https:\/\/www.comunicatur.info\/es\/wp-json\/wp\/v2\/types\/post"}],"author":[{"embeddable":true,"href":"https:\/\/www.comunicatur.info\/es\/wp-json\/wp\/v2\/users\/408"}],"replies":[{"embeddable":true,"href":"https:\/\/www.comunicatur.info\/es\/wp-json\/wp\/v2\/comments?post=26872"}],"version-history":[{"count":3,"href":"https:\/\/www.comunicatur.info\/es\/wp-json\/wp\/v2\/posts\/26872\/revisions"}],"predecessor-version":[{"id":26875,"href":"https:\/\/www.comunicatur.info\/es\/wp-json\/wp\/v2\/posts\/26872\/revisions\/26875"}],"wp:featuredmedia":[{"embeddable":true,"href":"https:\/\/www.comunicatur.info\/es\/wp-json\/wp\/v2\/media\/26866"}],"wp:attachment":[{"href":"https:\/\/www.comunicatur.info\/es\/wp-json\/wp\/v2\/media?parent=26872"}],"wp:term":[{"taxonomy":"category","embeddable":true,"href":"https:\/\/www.comunicatur.info\/es\/wp-json\/wp\/v2\/categories?post=26872"},{"taxonomy":"post_tag","embeddable":true,"href":"https:\/\/www.comunicatur.info\/es\/wp-json\/wp\/v2\/tags?post=26872"}],"curies":[{"name":"wp","href":"https:\/\/api.w.org\/{rel}","templated":true}]}}