{"id":26858,"date":"2025-03-24T00:12:05","date_gmt":"2025-03-23T22:12:05","guid":{"rendered":"https:\/\/www.comunicatur.info\/?p=26858"},"modified":"2025-03-24T00:12:05","modified_gmt":"2025-03-23T22:12:05","slug":"rechazo-total-del-sector-turistico-de-cataluna-al-incremento-del-impuesto-sobre-las-estancias-en-alojamientos","status":"publish","type":"post","link":"https:\/\/www.comunicatur.info\/es\/rechazo-total-del-sector-turistico-de-cataluna-al-incremento-del-impuesto-sobre-las-estancias-en-alojamientos\/","title":{"rendered":"Rechazo total del sector tur\u00edstico de Catalu\u00f1a al incremento del impuesto sobre las estancias en alojamientos"},"content":{"rendered":"<p>El sector tur\u00edstico catal\u00e1n ha expresado un rechazo firme y unitario ante la propuesta de incremento del impuesto sobre las estancias en establecimientos de alojamiento tur\u00edstico, una medida impulsada por el Gobierno de la Generalitat y el Grupo Parlamentario de los Comunes. La totalidad de las organizaciones empresariales <strong>-PIMEC, Foment del Treball Nacional, ConfeCat, FIHRT, la Federaci\u00f3n Catalana de Campings, Apartur, Federatur y el Gremio de Hoteles de Barcelona-<\/strong> han expresado su desacuerdo a trav\u00e9s de una reuni\u00f3n celebrada con representantes del Gobierno.<\/p>\n<p>En el encuentro, en el que participaron miembros del Departamento de Econom\u00eda y Finanzas y de Turismo, las organizaciones empresariales subrayaron los peligros que puede conllevar esta medida, especialmente para las peque\u00f1as y medianas empresas, las micropymes y los aut\u00f3nomos, que <strong>ven en este aumento una amenaza directa para su viabilidad econ\u00f3mica<\/strong>, especialmente en aquellas zonas donde el turismo es un pilar fundamental para la econom\u00eda local y la creaci\u00f3n de empleo.<\/p>\n<p><strong>El sector asegura que este incremento fiscal puede tener consecuencias graves sobre la competitividad del destino<\/strong> tur\u00edstico catal\u00e1n, una situaci\u00f3n que ha generado un gran malestar entre los agentes implicados, quienes <strong>consideran que estas decisiones se han tomado sin un estudio de impacto econ\u00f3mico previo<\/strong>. Adem\u00e1s, los representantes del sector han lamentado la falta de di\u00e1logo constructivo y emp\u00e1tico entre las autoridades y los actores empresariales, que afectan directamente su actividad.<\/p>\n<p>Las organizaciones empresariales han reclamado que no se lleve a cabo ning\u00fan incremento del impuesto hasta la elaboraci\u00f3n de un estudio detallado sobre sus repercusiones econ\u00f3micas. <strong><em>\u201cEsta unidad de acci\u00f3n demuestra la firmeza del sector en la defensa de sus intereses y la necesidad de garantizar que las pol\u00edticas fiscales sean justas y adaptadas a la realidad del turismo en Catalu\u00f1a\u201d.<\/em><\/strong><\/p>\n","protected":false},"excerpt":{"rendered":"<p>El sector tur\u00edstico catal\u00e1n ha expresado un rechazo firme y unitario ante la propuesta de incremento del impuesto sobre las estancias en establecimientos de alojamiento tur\u00edstico, una medida impulsada por el Gobierno de la Generalitat y el Grupo Parlamentario de los Comunes. La totalidad de las organizaciones empresariales -PIMEC, Foment del Treball Nacional, ConfeCat, FIHRT, &hellip;<\/p>\n","protected":false},"author":408,"featured_media":26856,"comment_status":"closed","ping_status":"open","sticky":false,"template":"","format":"standard","meta":[],"categories":[62],"tags":[],"_links":{"self":[{"href":"https:\/\/www.comunicatur.info\/es\/wp-json\/wp\/v2\/posts\/26858"}],"collection":[{"href":"https:\/\/www.comunicatur.info\/es\/wp-json\/wp\/v2\/posts"}],"about":[{"href":"https:\/\/www.comunicatur.info\/es\/wp-json\/wp\/v2\/types\/post"}],"author":[{"embeddable":true,"href":"https:\/\/www.comunicatur.info\/es\/wp-json\/wp\/v2\/users\/408"}],"replies":[{"embeddable":true,"href":"https:\/\/www.comunicatur.info\/es\/wp-json\/wp\/v2\/comments?post=26858"}],"version-history":[{"count":2,"href":"https:\/\/www.comunicatur.info\/es\/wp-json\/wp\/v2\/posts\/26858\/revisions"}],"predecessor-version":[{"id":26860,"href":"https:\/\/www.comunicatur.info\/es\/wp-json\/wp\/v2\/posts\/26858\/revisions\/26860"}],"wp:featuredmedia":[{"embeddable":true,"href":"https:\/\/www.comunicatur.info\/es\/wp-json\/wp\/v2\/media\/26856"}],"wp:attachment":[{"href":"https:\/\/www.comunicatur.info\/es\/wp-json\/wp\/v2\/media?parent=26858"}],"wp:term":[{"taxonomy":"category","embeddable":true,"href":"https:\/\/www.comunicatur.info\/es\/wp-json\/wp\/v2\/categories?post=26858"},{"taxonomy":"post_tag","embeddable":true,"href":"https:\/\/www.comunicatur.info\/es\/wp-json\/wp\/v2\/tags?post=26858"}],"curies":[{"name":"wp","href":"https:\/\/api.w.org\/{rel}","templated":true}]}}