{"id":26850,"date":"2025-03-21T00:00:01","date_gmt":"2025-03-20T22:00:01","guid":{"rendered":"https:\/\/www.comunicatur.info\/?p=26850"},"modified":"2025-03-20T22:04:28","modified_gmt":"2025-03-20T20:04:28","slug":"los-turistas-de-negocios-representan-el-7-del-total-del-turismo-en-cataluna","status":"publish","type":"post","link":"https:\/\/www.comunicatur.info\/es\/los-turistas-de-negocios-representan-el-7-del-total-del-turismo-en-cataluna\/","title":{"rendered":"Los turistas de negocios representan el 7% del total del turismo en Catalu\u00f1a"},"content":{"rendered":"<p>200 empresas del sector MICE <strong>(Reuniones, Incentivos, Conferencias y Exposiciones)<\/strong> se han reunido en Sant Sadurn\u00ed d&#8217;Anoia para impulsar la transformaci\u00f3n del turismo de reuniones en Catalu\u00f1a. El sector quiere que su actividad tenga un impacto positivo entre la poblaci\u00f3n y en el territorio donde se desarrolla.<\/p>\n<p>La jornada ha sido organizada por el <strong>Catalu\u00f1a Convention Bureau<\/strong> (CCB) en las Bodegas Freixenet. Durante el acto se ha revelado que el gasto realizado por un turista de reuniones, negocios y eventos en Catalu\u00f1a ha crecido cerca de un 12% en un a\u00f1o. Concretamente, el segmento de turismo MICE est\u00e1 aumentando los ingresos que deja en el territorio: en 2024 <strong>gener\u00f3 un gasto de 1.877,3 millones de euros<\/strong>, un 11,7% m\u00e1s respecto a 2023 y un 7,6% m\u00e1s respecto a 2019.<\/p>\n<p>Desde el CCB afirman que el turismo de reuniones y eventos <strong><em>\u00abfomenta la desestacionalizaci\u00f3n, ya que nos visita durante todo el a\u00f1o, sobre todo en primavera y oto\u00f1o\u00bb<\/em><\/strong>. Los visitantes MICE representan el 7% del total de turismo en Catalu\u00f1a, dos puntos porcentuales por encima del resto de Espa\u00f1a, que es del 5%, seg\u00fan explican.<\/p>\n<p>La estrategia del Catalu\u00f1a Convention Bureau, que cuenta con 285 empresas y entidades afiliadas, es <strong><em>\u201ccaptar eventos que generen un impacto socioecon\u00f3mico positivo y contribuyan a un desarrollo tur\u00edstico responsable\u00bb.<\/em><\/strong> Han anunciado para el 17 de junio en Barcelona la celebraci\u00f3n del MICE TIC Day 2025, que reunir\u00e1 a los principales actores del sector tur\u00edstico y de las TIC para explorar las \u00faltimas innovaciones tecnol\u00f3gicas aplicadas al turismo de reuniones.<\/p>\n","protected":false},"excerpt":{"rendered":"<p>200 empresas del sector MICE (Reuniones, Incentivos, Conferencias y Exposiciones) se han reunido en Sant Sadurn\u00ed d&#8217;Anoia para impulsar la transformaci\u00f3n del turismo de reuniones en Catalu\u00f1a. El sector quiere que su actividad tenga un impacto positivo entre la poblaci\u00f3n y en el territorio donde se desarrolla. La jornada ha sido organizada por el Catalu\u00f1a &hellip;<\/p>\n","protected":false},"author":408,"featured_media":26847,"comment_status":"closed","ping_status":"open","sticky":false,"template":"","format":"standard","meta":[],"categories":[63],"tags":[],"_links":{"self":[{"href":"https:\/\/www.comunicatur.info\/es\/wp-json\/wp\/v2\/posts\/26850"}],"collection":[{"href":"https:\/\/www.comunicatur.info\/es\/wp-json\/wp\/v2\/posts"}],"about":[{"href":"https:\/\/www.comunicatur.info\/es\/wp-json\/wp\/v2\/types\/post"}],"author":[{"embeddable":true,"href":"https:\/\/www.comunicatur.info\/es\/wp-json\/wp\/v2\/users\/408"}],"replies":[{"embeddable":true,"href":"https:\/\/www.comunicatur.info\/es\/wp-json\/wp\/v2\/comments?post=26850"}],"version-history":[{"count":2,"href":"https:\/\/www.comunicatur.info\/es\/wp-json\/wp\/v2\/posts\/26850\/revisions"}],"predecessor-version":[{"id":26852,"href":"https:\/\/www.comunicatur.info\/es\/wp-json\/wp\/v2\/posts\/26850\/revisions\/26852"}],"wp:featuredmedia":[{"embeddable":true,"href":"https:\/\/www.comunicatur.info\/es\/wp-json\/wp\/v2\/media\/26847"}],"wp:attachment":[{"href":"https:\/\/www.comunicatur.info\/es\/wp-json\/wp\/v2\/media?parent=26850"}],"wp:term":[{"taxonomy":"category","embeddable":true,"href":"https:\/\/www.comunicatur.info\/es\/wp-json\/wp\/v2\/categories?post=26850"},{"taxonomy":"post_tag","embeddable":true,"href":"https:\/\/www.comunicatur.info\/es\/wp-json\/wp\/v2\/tags?post=26850"}],"curies":[{"name":"wp","href":"https:\/\/api.w.org\/{rel}","templated":true}]}}