{"id":26841,"date":"2025-03-20T00:00:25","date_gmt":"2025-03-19T22:00:25","guid":{"rendered":"https:\/\/www.comunicatur.info\/?p=26841"},"modified":"2025-03-19T23:32:30","modified_gmt":"2025-03-19T21:32:30","slug":"propuesta-para-recuperar-la-candidatura-olimpica-para-los-juegos-olimpicos-de-invierno-en-los-pirineos","status":"publish","type":"post","link":"https:\/\/www.comunicatur.info\/es\/propuesta-para-recuperar-la-candidatura-olimpica-para-los-juegos-olimpicos-de-invierno-en-los-pirineos\/","title":{"rendered":"Propuesta para recuperar la candidatura ol\u00edmpica para los Juegos de Invierno en los Pirineos"},"content":{"rendered":"<p>El presidente de Catalu\u00f1a, <strong>Salvador Illa<\/strong>, ha expresado su apoyo a la propuesta de la ministra de <strong>Educaci\u00f3n, Formaci\u00f3n Profesional y Deportes<\/strong>, <strong>Pilar Alegr\u00eda<\/strong>, de recuperar la <strong>candidatura conjunta<\/strong> entre <strong>Arag\u00f3n<\/strong> y <strong>Catalu\u00f1a<\/strong> para acoger los <strong>Juegos Ol\u00edmpicos de Invierno<\/strong>. Esta propuesta, que ya fue descartada en el pasado, podr\u00eda resurgir si Alegr\u00eda gana las <strong>elecciones auton\u00f3micas de 2027<\/strong> y se convierte en presidenta de Arag\u00f3n. Salvador Illa considera que un evento de este tipo podr\u00eda ser una oportunidad para el <strong>desarrollo<\/strong> de los <strong>Pirineos<\/strong>. Ha reiterado que el proyecto necesita ser <strong>estudiado<\/strong> a fondo, destacando que los <strong>Juegos Ol\u00edmpicos<\/strong> podr\u00edan contribuir al <strong>desarrollo<\/strong> de las comarcas pirenaicas.<\/p>\n<p>Sin embargo, esta iniciativa ha generado una fuerte oposici\u00f3n. La plataforma <strong>Stop JJOO<\/strong> ha advertido que convocar\u00e1 \u00ab<strong>movilizaciones masivas<\/strong>\u00bb si el <strong>Gobierno<\/strong> decide recuperar el proyecto ol\u00edmpico. La entidad considera que la candidatura conjunta entre <strong>Arag\u00f3n<\/strong> y <strong>Catalu\u00f1a<\/strong> es un \u00ab<strong>disparate<\/strong>\u00bb y un intento de revivir un proyecto fracasado que ya fue rechazado por la <strong>poblaci\u00f3n pirenaica<\/strong>.<\/p>\n<p>Desde <strong>Stop JJOO<\/strong> denuncian que el proyecto busca imponer un <strong>modelo econ\u00f3mico especulativo<\/strong> en los <strong>Pirineos<\/strong>, aumentando la presi\u00f3n sobre las comarcas de monta\u00f1a, que ya sufren los efectos de la <strong>especulaci\u00f3n inmobiliaria<\/strong> y los <strong>precios elevados de la vivienda<\/strong>. Seg\u00fan la entidad, esta situaci\u00f3n est\u00e1 expulsando a <strong>j\u00f3venes<\/strong> y <strong>familias trabajadoras<\/strong> del territorio, y exigen un cambio en las <strong>pol\u00edticas p\u00fablicas<\/strong> para <strong>diversificar la econom\u00eda<\/strong> y garantizar <strong>empleos estables<\/strong> para los habitantes de la zona.<\/p>\n","protected":false},"excerpt":{"rendered":"<p>El presidente de Catalu\u00f1a, Salvador Illa, ha expresado su apoyo a la propuesta de la ministra de Educaci\u00f3n, Formaci\u00f3n Profesional y Deportes, Pilar Alegr\u00eda, de recuperar la candidatura conjunta entre Arag\u00f3n y Catalu\u00f1a para acoger los Juegos Ol\u00edmpicos de Invierno. Esta propuesta, que ya fue descartada en el pasado, podr\u00eda resurgir si Alegr\u00eda gana las &hellip;<\/p>\n","protected":false},"author":408,"featured_media":26838,"comment_status":"closed","ping_status":"open","sticky":false,"template":"","format":"standard","meta":[],"categories":[73],"tags":[],"_links":{"self":[{"href":"https:\/\/www.comunicatur.info\/es\/wp-json\/wp\/v2\/posts\/26841"}],"collection":[{"href":"https:\/\/www.comunicatur.info\/es\/wp-json\/wp\/v2\/posts"}],"about":[{"href":"https:\/\/www.comunicatur.info\/es\/wp-json\/wp\/v2\/types\/post"}],"author":[{"embeddable":true,"href":"https:\/\/www.comunicatur.info\/es\/wp-json\/wp\/v2\/users\/408"}],"replies":[{"embeddable":true,"href":"https:\/\/www.comunicatur.info\/es\/wp-json\/wp\/v2\/comments?post=26841"}],"version-history":[{"count":3,"href":"https:\/\/www.comunicatur.info\/es\/wp-json\/wp\/v2\/posts\/26841\/revisions"}],"predecessor-version":[{"id":26843,"href":"https:\/\/www.comunicatur.info\/es\/wp-json\/wp\/v2\/posts\/26841\/revisions\/26843"}],"wp:featuredmedia":[{"embeddable":true,"href":"https:\/\/www.comunicatur.info\/es\/wp-json\/wp\/v2\/media\/26838"}],"wp:attachment":[{"href":"https:\/\/www.comunicatur.info\/es\/wp-json\/wp\/v2\/media?parent=26841"}],"wp:term":[{"taxonomy":"category","embeddable":true,"href":"https:\/\/www.comunicatur.info\/es\/wp-json\/wp\/v2\/categories?post=26841"},{"taxonomy":"post_tag","embeddable":true,"href":"https:\/\/www.comunicatur.info\/es\/wp-json\/wp\/v2\/tags?post=26841"}],"curies":[{"name":"wp","href":"https:\/\/api.w.org\/{rel}","templated":true}]}}