{"id":26822,"date":"2025-03-18T00:00:28","date_gmt":"2025-03-17T22:00:28","guid":{"rendered":"https:\/\/www.comunicatur.info\/?p=26822"},"modified":"2025-03-17T23:25:48","modified_gmt":"2025-03-17T21:25:48","slug":"el-cierre-de-campings-en-peligro-de-inundacion-va-para-largo","status":"publish","type":"post","link":"https:\/\/www.comunicatur.info\/es\/el-cierre-de-campings-en-peligro-de-inundacion-va-para-largo\/","title":{"rendered":"El cierre de campings en peligro de inundaci\u00f3n va para largo"},"content":{"rendered":"<p>La preocupaci\u00f3n que traslad\u00f3 el presidente de la Generalitat de Catalu\u00f1a, Salvador Illa, sobre la seguridad de determinadas instalaciones tur\u00edsticas situadas en zonas inundables no supondr\u00e1, por ahora, el cierre de ning\u00fan camping.<\/p>\n<p data-start=\"340\" data-end=\"783\">Actuar sobre los establecimientos en peligro de inundaci\u00f3n no tiene un encaje normativo sencillo. El pasado mes de noviembre, en <strong><em data-start=\"469\" data-end=\"482\">Comunicatur<\/em><\/strong>, public\u00e1bamos que el <a href=\"https:\/\/www.comunicatur.info\/es\/ponen-a-16-campings-catalanes-a-los-pies-de-los-caballos-por-el-riesgo-de-inundacion\/\"><strong>gobierno pon\u00eda 16 campings catalanes \u00aba los pies de los caballos\u00bb por el riesgo de inundaci\u00f3n<\/strong><\/a>. La <strong>Agencia Catalana del Agua (ACA)<\/strong> hab\u00eda identificado una cuarentena de campings en riesgo, 16 de los cuales, con riesgo inminente, principalmente en la zona de los Pirineos de Lleida.<\/p>\n<p data-start=\"785\" data-end=\"1157\">Ahora el Gobierno ha anunciado que crear\u00e1 una Comisi\u00f3n T\u00e9cnica para evaluar, <strong>camping a camping<\/strong>, la situaci\u00f3n de cada uno. A partir de aqu\u00ed decidir\u00e1n las medidas que deben aplicar y si es necesario que cierren parcial o totalmente las instalaciones. Para los campings afectados, el Gobierno crear\u00e1 un Fondo de Recuperaci\u00f3n para garantizar la actividad econ\u00f3mica del sector.<\/p>\n<p data-start=\"1159\" data-end=\"1608\">La <strong>Federaci\u00f3n de Campings<\/strong> se ha reunido con la administraci\u00f3n para conocer de primera mano este nuevo escenario, que dista mucho del que inicialmente se preve\u00eda. El temor a los riesgos asociados a fen\u00f3menos como las precipitaciones torrenciales, las tormentas repentinas y las crecidas de r\u00edos que amenazan los campings queda a la espera de la decisi\u00f3n de los t\u00e9cnicos competentes especializados en protecci\u00f3n civil, turismo, urbanismo e hidrolog\u00eda.<\/p>\n<p data-start=\"1610\" data-end=\"2157\">Desde el Gobierno catal\u00e1n afirman que est\u00e1n dando <strong><em>\u201cun paso para mantener y hacer compatible la seguridad de la ciudadan\u00eda con la actividad de sectores como el turismo, imprescindible para la econom\u00eda local\u201d<\/em><\/strong>. Por eso activar\u00e1n el Fondo de Recuperaci\u00f3n de la actividad econ\u00f3mica, que destinar\u00e1n a la financiaci\u00f3n de inversiones p\u00fablicas o privadas para la creaci\u00f3n de nueva oferta de alojamiento tur\u00edstico o la ampliaci\u00f3n de la existente, que pueda compensar la p\u00e9rdida de plazas resultante de los estudios de viabilidad y seguridad de los campings.<\/p>\n<blockquote class=\"wp-embedded-content\" data-secret=\"eVgzxAUU6b\"><p><a href=\"https:\/\/www.comunicatur.info\/es\/ponen-a-16-campings-catalanes-a-los-pies-de-los-caballos-por-el-riesgo-de-inundacion\/\">Ponen a 16 campings catalanes a los pies de los caballos por el riesgo de inundaci\u00f3n<\/a><\/p><\/blockquote>\n<p><iframe class=\"wp-embedded-content\" sandbox=\"allow-scripts\" security=\"restricted\" style=\"position: absolute; clip: rect(1px, 1px, 1px, 1px);\" title=\"&#8220;Ponen a 16 campings catalanes a los pies de los caballos por el riesgo de inundaci\u00f3n&#8221; &#8212; Comunicatur\" src=\"https:\/\/www.comunicatur.info\/es\/ponen-a-16-campings-catalanes-a-los-pies-de-los-caballos-por-el-riesgo-de-inundacion\/embed\/#?secret=eAPfw22gZ7#?secret=eVgzxAUU6b\" data-secret=\"eVgzxAUU6b\" width=\"500\" height=\"282\" frameborder=\"0\" marginwidth=\"0\" marginheight=\"0\" scrolling=\"no\"><\/iframe><\/p>\n<blockquote class=\"wp-embedded-content\" data-secret=\"xF9gzRWTS6\"><p><a href=\"https:\/\/www.comunicatur.info\/es\/los-campings-catalanes-en-peligro-al-estar-situados-en-zonas-inundables\/\">Los campings catalanes en peligro al estar situados en zonas inundables<\/a><\/p><\/blockquote>\n<p><iframe class=\"wp-embedded-content\" sandbox=\"allow-scripts\" security=\"restricted\" style=\"position: absolute; clip: rect(1px, 1px, 1px, 1px);\" title=\"&#8220;Los campings catalanes en peligro al estar situados en zonas inundables&#8221; &#8212; Comunicatur\" src=\"https:\/\/www.comunicatur.info\/es\/los-campings-catalanes-en-peligro-al-estar-situados-en-zonas-inundables\/embed\/#?secret=lMl08T7NLU#?secret=xF9gzRWTS6\" data-secret=\"xF9gzRWTS6\" width=\"500\" height=\"282\" frameborder=\"0\" marginwidth=\"0\" marginheight=\"0\" scrolling=\"no\"><\/iframe><\/p>\n","protected":false},"excerpt":{"rendered":"<p>La preocupaci\u00f3n que traslad\u00f3 el presidente de la Generalitat de Catalu\u00f1a, Salvador Illa, sobre la seguridad de determinadas instalaciones tur\u00edsticas situadas en zonas inundables no supondr\u00e1, por ahora, el cierre de ning\u00fan camping. Actuar sobre los establecimientos en peligro de inundaci\u00f3n no tiene un encaje normativo sencillo. El pasado mes de noviembre, en Comunicatur, public\u00e1bamos &hellip;<\/p>\n","protected":false},"author":408,"featured_media":26816,"comment_status":"closed","ping_status":"open","sticky":false,"template":"","format":"standard","meta":[],"categories":[59],"tags":[],"_links":{"self":[{"href":"https:\/\/www.comunicatur.info\/es\/wp-json\/wp\/v2\/posts\/26822"}],"collection":[{"href":"https:\/\/www.comunicatur.info\/es\/wp-json\/wp\/v2\/posts"}],"about":[{"href":"https:\/\/www.comunicatur.info\/es\/wp-json\/wp\/v2\/types\/post"}],"author":[{"embeddable":true,"href":"https:\/\/www.comunicatur.info\/es\/wp-json\/wp\/v2\/users\/408"}],"replies":[{"embeddable":true,"href":"https:\/\/www.comunicatur.info\/es\/wp-json\/wp\/v2\/comments?post=26822"}],"version-history":[{"count":3,"href":"https:\/\/www.comunicatur.info\/es\/wp-json\/wp\/v2\/posts\/26822\/revisions"}],"predecessor-version":[{"id":26825,"href":"https:\/\/www.comunicatur.info\/es\/wp-json\/wp\/v2\/posts\/26822\/revisions\/26825"}],"wp:featuredmedia":[{"embeddable":true,"href":"https:\/\/www.comunicatur.info\/es\/wp-json\/wp\/v2\/media\/26816"}],"wp:attachment":[{"href":"https:\/\/www.comunicatur.info\/es\/wp-json\/wp\/v2\/media?parent=26822"}],"wp:term":[{"taxonomy":"category","embeddable":true,"href":"https:\/\/www.comunicatur.info\/es\/wp-json\/wp\/v2\/categories?post=26822"},{"taxonomy":"post_tag","embeddable":true,"href":"https:\/\/www.comunicatur.info\/es\/wp-json\/wp\/v2\/tags?post=26822"}],"curies":[{"name":"wp","href":"https:\/\/api.w.org\/{rel}","templated":true}]}}