{"id":26758,"date":"2025-03-10T00:41:02","date_gmt":"2025-03-09T22:41:02","guid":{"rendered":"https:\/\/www.comunicatur.info\/?p=26758"},"modified":"2025-03-10T01:45:42","modified_gmt":"2025-03-09T23:45:42","slug":"la-alta-velocidad-llegara-finalmente-al-aeropuerto-de-girona-con-una-nueva-estacion-y-una-pasarela-para-peatones","status":"publish","type":"post","link":"https:\/\/www.comunicatur.info\/es\/la-alta-velocidad-llegara-finalmente-al-aeropuerto-de-girona-con-una-nueva-estacion-y-una-pasarela-para-peatones\/","title":{"rendered":"La Alta Velocidad llegar\u00e1 finalmente al aeropuerto de Girona con una nueva estaci\u00f3n y una pasarela para peatones"},"content":{"rendered":"<p>El <strong>Ministerio de Transportes<\/strong> ha dado luz verde al <strong>estudio informativo<\/strong> para la construcci\u00f3n de una <strong>estaci\u00f3n de alta velocidad<\/strong> en el <strong>aeropuerto de Girona-Costa Brava<\/strong>. Este es un paso clave para que el proyecto avance hacia la fase de <strong>redacci\u00f3n y ejecuci\u00f3n<\/strong>, aunque todav\u00eda ser\u00e1 necesario completar <strong>tr\u00e1mites y licitaciones<\/strong> antes de iniciar las obras. La infraestructura supondr\u00e1 una inversi\u00f3n de <strong>126,7 millones de euros<\/strong> e incluir\u00e1 una <strong>conexi\u00f3n directa<\/strong> entre el tren de alta velocidad y la terminal a\u00e9rea mediante una <strong>pasarela elevada de 493 metros<\/strong> de longitud y <strong>cinco metros de altura<\/strong>.<\/p>\n<p>La <strong>nueva estaci\u00f3n<\/strong> de tren se ubicar\u00e1 en <strong>Vilob\u00ed d\u2019Onyar<\/strong>, justo al lado de la l\u00ednea de <strong>alta velocidad que une Barcelona y Figueres<\/strong>. Se calcula que <strong>cada a\u00f1o la utilizar\u00e1n unas 3,1 millones de viajeros<\/strong>.<\/p>\n<h4><strong>Una infraestructura estrat\u00e9gica para la movilidad<\/strong><\/h4>\n<p>Seg\u00fan el <strong>estudio informativo aprobado<\/strong>, la <strong>nueva estaci\u00f3n<\/strong> dispondr\u00e1 de <strong>cuatro v\u00edas<\/strong> y <strong>tres niveles diferenciados<\/strong>: la <strong>zona de urbanizaci\u00f3n<\/strong>, el <strong>nivel de andenes<\/strong> y el <strong>vest\u00edbulo de conexi\u00f3n<\/strong> con el aeropuerto.<\/p>\n<p>Adem\u00e1s, se construir\u00e1 un <strong>ramal de 5,2 kil\u00f3metros en v\u00eda \u00fanica<\/strong> que permitir\u00e1 la entrada de <strong>trenes lanzadera desde Barcelona<\/strong> sin afectar al resto de los servicios de alta velocidad. Esta <strong>conexi\u00f3n directa<\/strong> permitir\u00e1 <strong>mejorar notablemente la movilidad<\/strong> entre la capital catalana y el aeropuerto de Girona, situ\u00e1ndolo como una <strong>alternativa viable a los aeropuertos de Barcelona y Reus<\/strong>.<\/p>\n<h4><strong>Mejoras en accesibilidad y servicios<\/strong><\/h4>\n<p>El proyecto tambi\u00e9n incluye la <strong>urbanizaci\u00f3n del entorno de la estaci\u00f3n<\/strong>, con un <strong>aparcamiento de 250 plazas<\/strong>, una <strong>parada de autobuses<\/strong>, una <strong>zona de taxis<\/strong> y un <strong>espacio para veh\u00edculos de emergencias<\/strong>. La <strong>pasarela para peatones<\/strong> estar\u00e1 equipada con <strong>sistemas mec\u00e1nicos<\/strong> para facilitar el desplazamiento de los viajeros con maletas.<\/p>\n<p>Con esta actuaci\u00f3n, se pretende <strong>mejorar la integraci\u00f3n<\/strong> del aeropuerto gerundense dentro del <strong>sistema aeroportuario catal\u00e1n<\/strong>, aumentando su <strong>accesibilidad<\/strong> y haci\u00e9ndolo m\u00e1s atractivo para las <strong>aerol\u00edneas y los pasajeros<\/strong>. Aunque no se han detallado los <strong>plazos exactos<\/strong> para la finalizaci\u00f3n de las obras, se espera que el proyecto <strong>se desarrolle en dos fases<\/strong> y que la infraestructura pueda estar <strong>operativa en los pr\u00f3ximos a\u00f1os<\/strong>.<\/p>\n","protected":false},"excerpt":{"rendered":"<p>El Ministerio de Transportes ha dado luz verde al estudio informativo para la construcci\u00f3n de una estaci\u00f3n de alta velocidad en el aeropuerto de Girona-Costa Brava. Este es un paso clave para que el proyecto avance hacia la fase de redacci\u00f3n y ejecuci\u00f3n, aunque todav\u00eda ser\u00e1 necesario completar tr\u00e1mites y licitaciones antes de iniciar las &hellip;<\/p>\n","protected":false},"author":408,"featured_media":26763,"comment_status":"closed","ping_status":"open","sticky":false,"template":"","format":"standard","meta":[],"categories":[65],"tags":[],"_links":{"self":[{"href":"https:\/\/www.comunicatur.info\/es\/wp-json\/wp\/v2\/posts\/26758"}],"collection":[{"href":"https:\/\/www.comunicatur.info\/es\/wp-json\/wp\/v2\/posts"}],"about":[{"href":"https:\/\/www.comunicatur.info\/es\/wp-json\/wp\/v2\/types\/post"}],"author":[{"embeddable":true,"href":"https:\/\/www.comunicatur.info\/es\/wp-json\/wp\/v2\/users\/408"}],"replies":[{"embeddable":true,"href":"https:\/\/www.comunicatur.info\/es\/wp-json\/wp\/v2\/comments?post=26758"}],"version-history":[{"count":2,"href":"https:\/\/www.comunicatur.info\/es\/wp-json\/wp\/v2\/posts\/26758\/revisions"}],"predecessor-version":[{"id":26760,"href":"https:\/\/www.comunicatur.info\/es\/wp-json\/wp\/v2\/posts\/26758\/revisions\/26760"}],"wp:featuredmedia":[{"embeddable":true,"href":"https:\/\/www.comunicatur.info\/es\/wp-json\/wp\/v2\/media\/26763"}],"wp:attachment":[{"href":"https:\/\/www.comunicatur.info\/es\/wp-json\/wp\/v2\/media?parent=26758"}],"wp:term":[{"taxonomy":"category","embeddable":true,"href":"https:\/\/www.comunicatur.info\/es\/wp-json\/wp\/v2\/categories?post=26758"},{"taxonomy":"post_tag","embeddable":true,"href":"https:\/\/www.comunicatur.info\/es\/wp-json\/wp\/v2\/tags?post=26758"}],"curies":[{"name":"wp","href":"https:\/\/api.w.org\/{rel}","templated":true}]}}