{"id":26734,"date":"2025-03-05T00:00:53","date_gmt":"2025-03-04T22:00:53","guid":{"rendered":"https:\/\/www.comunicatur.info\/?p=26734"},"modified":"2025-03-04T23:55:56","modified_gmt":"2025-03-04T21:55:56","slug":"espana-refuerza-su-posicion-en-itb-berlin-2025","status":"publish","type":"post","link":"https:\/\/www.comunicatur.info\/es\/espana-refuerza-su-posicion-en-itb-berlin-2025\/","title":{"rendered":"Espa\u00f1a refuerza su posici\u00f3n en ITB Berl\u00edn 2025"},"content":{"rendered":"<p>Espa\u00f1a se ha presentado con fuerza en la ITB Berl\u00edn 2025, destacando la participaci\u00f3n de <strong>300 expositores nacionales<\/strong> en un pabell\u00f3n de <strong>800 m\u00b2<\/strong>. Encabezada por el ministro de Industria y Turismo, <strong>Jordi Hereu<\/strong>, la delegaci\u00f3n espa\u00f1ola ha resaltado la importancia del mercado alem\u00e1n, que en <strong>2024<\/strong> gener\u00f3 la llegada de <strong>11,9 millones de turistas<\/strong> y un <strong>gasto de 15.527 millones de euros<\/strong>, lo que reafirma a <strong>Alemania<\/strong> como uno de los principales emisores hacia Espa\u00f1a.<\/p>\n<p>Este evento se ha celebrado en un contexto positivo para la industria tur\u00edstica espa\u00f1ola, que cerr\u00f3 <strong>2024<\/strong> con <strong>casi 94 millones de turistas<\/strong> y un gasto superior a <strong>126.000 millones de euros<\/strong>. Las previsiones para el primer cuatrimestre de <strong>2025<\/strong> son igualmente alentadoras, con una estimaci\u00f3n de <strong>26 millones de visitantes<\/strong> y un gasto de <strong>36.000 millones de euros<\/strong>.<\/p>\n<h4><strong>Tendencias en el turismo: digitalizaci\u00f3n, IA y sostenibilidad<\/strong><\/h4>\n<p>Por su parte, la <strong>Convenci\u00f3n ITB Berl\u00edn 2025 <\/strong>se ha centrado en la <strong>transformaci\u00f3n digital<\/strong> y el impacto de la <strong>inteligencia artificial (IA)<\/strong> en el turismo. Entre los temas clave destacan la <strong>digitalizaci\u00f3n de la experiencia de los viajeros<\/strong>, el <strong>marketing de destinos<\/strong> y la <strong>sostenibilidad<\/strong>. Empresas como <strong>Lufthansa<\/strong> y <strong>Microsoft<\/strong> han hablado de la experiencia del cliente asi\u00f3 como en la IA y su aplicaci\u00f3n en la <strong>gesti\u00f3n de datos.<\/strong><\/p>\n<h4><strong>Catalu\u00f1a promociona su oferta enogastron\u00f3mica en Berl\u00edn<\/strong><\/h4>\n<p>En la feria, <strong>Catalu\u00f1a<\/strong> destaca como destino <strong>enogastron\u00f3mico<\/strong>, especialmente con su protagonismo en la <strong>Noche de Espa\u00f1a<\/strong>. La directora de la <strong>Ag\u00e8ncia Catalana de Turisme<\/strong>, <strong>Arantxa Calvera<\/strong>, subraya el crecimiento del mercado alem\u00e1n, que en <strong>2024<\/strong> gener\u00f3 un <strong>gasto de 1.563 millones de euros<\/strong>, un <strong>14,5% m\u00e1s<\/strong> que el a\u00f1o anterior. <strong>Catalu\u00f1a<\/strong> busca consolidarse como referente gastron\u00f3mico, aprovechando su designaci\u00f3n como <strong>Regi\u00f3n Mundial de la Gastronom\u00eda 2025<\/strong>.<\/p>\n","protected":false},"excerpt":{"rendered":"<p>Espa\u00f1a se ha presentado con fuerza en la ITB Berl\u00edn 2025, destacando la participaci\u00f3n de 300 expositores nacionales en un pabell\u00f3n de 800 m\u00b2. Encabezada por el ministro de Industria y Turismo, Jordi Hereu, la delegaci\u00f3n espa\u00f1ola ha resaltado la importancia del mercado alem\u00e1n, que en 2024 gener\u00f3 la llegada de 11,9 millones de turistas &hellip;<\/p>\n","protected":false},"author":408,"featured_media":26732,"comment_status":"closed","ping_status":"open","sticky":false,"template":"","format":"standard","meta":[],"categories":[64],"tags":[],"_links":{"self":[{"href":"https:\/\/www.comunicatur.info\/es\/wp-json\/wp\/v2\/posts\/26734"}],"collection":[{"href":"https:\/\/www.comunicatur.info\/es\/wp-json\/wp\/v2\/posts"}],"about":[{"href":"https:\/\/www.comunicatur.info\/es\/wp-json\/wp\/v2\/types\/post"}],"author":[{"embeddable":true,"href":"https:\/\/www.comunicatur.info\/es\/wp-json\/wp\/v2\/users\/408"}],"replies":[{"embeddable":true,"href":"https:\/\/www.comunicatur.info\/es\/wp-json\/wp\/v2\/comments?post=26734"}],"version-history":[{"count":1,"href":"https:\/\/www.comunicatur.info\/es\/wp-json\/wp\/v2\/posts\/26734\/revisions"}],"predecessor-version":[{"id":26735,"href":"https:\/\/www.comunicatur.info\/es\/wp-json\/wp\/v2\/posts\/26734\/revisions\/26735"}],"wp:featuredmedia":[{"embeddable":true,"href":"https:\/\/www.comunicatur.info\/es\/wp-json\/wp\/v2\/media\/26732"}],"wp:attachment":[{"href":"https:\/\/www.comunicatur.info\/es\/wp-json\/wp\/v2\/media?parent=26734"}],"wp:term":[{"taxonomy":"category","embeddable":true,"href":"https:\/\/www.comunicatur.info\/es\/wp-json\/wp\/v2\/categories?post=26734"},{"taxonomy":"post_tag","embeddable":true,"href":"https:\/\/www.comunicatur.info\/es\/wp-json\/wp\/v2\/tags?post=26734"}],"curies":[{"name":"wp","href":"https:\/\/api.w.org\/{rel}","templated":true}]}}