{"id":26717,"date":"2025-03-03T23:33:39","date_gmt":"2025-03-03T21:33:39","guid":{"rendered":"https:\/\/www.comunicatur.info\/?p=26717"},"modified":"2025-03-04T00:03:57","modified_gmt":"2025-03-03T22:03:57","slug":"grave-accidente-entre-dos-autobuses-turisticos-en-barcelona","status":"publish","type":"post","link":"https:\/\/www.comunicatur.info\/es\/grave-accidente-entre-dos-autobuses-turisticos-en-barcelona\/","title":{"rendered":"Grave accidente entre dos autocares tur\u00edsticos en Barcelona"},"content":{"rendered":"<p>Un grave accidente entre dos autocares tur\u00edsticos ha tenido lugar este lunes en la Avenida Diagonal de Barcelona, en la confluencia de las calles Rosell\u00f3 y Roger de Ll\u00faria. El incidente ha dejado 51 personas hospitalizadas, de las cuales 4 se encuentran en estado cr\u00edtico.<\/p>\n<p>El accidente ocurri\u00f3 alrededor de las 15:00 horas, cuando un autob\u00fas que transportaba estudiantes italianos, procedentes de Lloret de Mar, embisti\u00f3 por detr\u00e1s a otro veh\u00edculo tur\u00edstico, que estaba detenido para recoger pasajeros de un crucero que hace escala en el puerto de Barcelona y estaban de excursi\u00f3n por la ciudad. Entre los heridos cr\u00edticos, tres se encontraban subiendo al autob\u00fas en el momento del choque, uno de ellos menor de edad. El cuarto herido cr\u00edtico fue un peat\u00f3n que caminaba por la zona y fue atropellado por el impacto entre los veh\u00edculos.<\/p>\n<p>El Sistema de Emergencias M\u00e9dicas (SEM) ha atendido a un total de 63 personas, de las cuales 12 no requirieron atenci\u00f3n m\u00e9dica relevante. Las otras 51 personas fueron trasladadas a diferentes centros hospitalarios de la ciudad, incluidas las cuatro personas en estado cr\u00edtico y tres m\u00e1s con lesiones menos graves.<\/p>\n<h4><strong>Investigaci\u00f3n en curso<\/strong><\/h4>\n<p>Las autoridades investigan las causas del accidente, que hasta el momento apuntan a que el primer autob\u00fas impact\u00f3 contra un \u00e1rbol y un poste de luz antes de ser embestido por detr\u00e1s por el segundo veh\u00edculo. Ambos autobuses se encontraban en la zona para realizar la carga y descarga de pasajeros, en una operaci\u00f3n habitual de transporte tur\u00edstico. Las autoridades est\u00e1n revisando si los veh\u00edculos estaban autorizados para detenerse en ese punto espec\u00edfico de la ciudad. Los conductores de ambos autobuses han dado negativo en las pruebas de alcohol y drogas.<\/p>\n<p>Se espera que el resto de los afectados por el accidente, que sufrieron lesiones de diversa consideraci\u00f3n, puedan recibir el alta m\u00e9dica en las pr\u00f3ximas horas.<\/p>\n","protected":false},"excerpt":{"rendered":"<p>Un grave accidente entre dos autocares tur\u00edsticos ha tenido lugar este lunes en la Avenida Diagonal de Barcelona, en la confluencia de las calles Rosell\u00f3 y Roger de Ll\u00faria. El incidente ha dejado 51 personas hospitalizadas, de las cuales 4 se encuentran en estado cr\u00edtico. El accidente ocurri\u00f3 alrededor de las 15:00 horas, cuando un &hellip;<\/p>\n","protected":false},"author":408,"featured_media":26715,"comment_status":"closed","ping_status":"open","sticky":false,"template":"","format":"standard","meta":[],"categories":[73],"tags":[],"_links":{"self":[{"href":"https:\/\/www.comunicatur.info\/es\/wp-json\/wp\/v2\/posts\/26717"}],"collection":[{"href":"https:\/\/www.comunicatur.info\/es\/wp-json\/wp\/v2\/posts"}],"about":[{"href":"https:\/\/www.comunicatur.info\/es\/wp-json\/wp\/v2\/types\/post"}],"author":[{"embeddable":true,"href":"https:\/\/www.comunicatur.info\/es\/wp-json\/wp\/v2\/users\/408"}],"replies":[{"embeddable":true,"href":"https:\/\/www.comunicatur.info\/es\/wp-json\/wp\/v2\/comments?post=26717"}],"version-history":[{"count":6,"href":"https:\/\/www.comunicatur.info\/es\/wp-json\/wp\/v2\/posts\/26717\/revisions"}],"predecessor-version":[{"id":26729,"href":"https:\/\/www.comunicatur.info\/es\/wp-json\/wp\/v2\/posts\/26717\/revisions\/26729"}],"wp:featuredmedia":[{"embeddable":true,"href":"https:\/\/www.comunicatur.info\/es\/wp-json\/wp\/v2\/media\/26715"}],"wp:attachment":[{"href":"https:\/\/www.comunicatur.info\/es\/wp-json\/wp\/v2\/media?parent=26717"}],"wp:term":[{"taxonomy":"category","embeddable":true,"href":"https:\/\/www.comunicatur.info\/es\/wp-json\/wp\/v2\/categories?post=26717"},{"taxonomy":"post_tag","embeddable":true,"href":"https:\/\/www.comunicatur.info\/es\/wp-json\/wp\/v2\/tags?post=26717"}],"curies":[{"name":"wp","href":"https:\/\/api.w.org\/{rel}","templated":true}]}}