{"id":26682,"date":"2025-02-27T10:00:23","date_gmt":"2025-02-27T08:00:23","guid":{"rendered":"https:\/\/www.comunicatur.info\/?p=26682"},"modified":"2025-02-27T19:34:08","modified_gmt":"2025-02-27T17:34:08","slug":"cataluna-duplicara-la-tasa-turistica-y-destinara-parte-de-la-recaudacion-a-vivienda","status":"publish","type":"post","link":"https:\/\/www.comunicatur.info\/es\/cataluna-duplicara-la-tasa-turistica-y-destinara-parte-de-la-recaudacion-a-vivienda\/","title":{"rendered":"Catalu\u00f1a duplicar\u00e1 la tasa tur\u00edstica y destinar\u00e1 parte de la recaudaci\u00f3n a vivienda"},"content":{"rendered":"<p>El Gobierno de Catalu\u00f1a y los Comunes han llegado a un acuerdo para <strong>duplicar la tasa tur\u00edstica<\/strong> que se paga por alojarse en establecimientos tur\u00edsticos. Los Comunes han forzado para que <strong>el 25% de los ingresos se destinen a pol\u00edticas de vivienda<\/strong>, un cambio respecto al uso actual de la recaudaci\u00f3n, que se destinaba principalmente a la promoci\u00f3n tur\u00edstica. La consejera de Econom\u00eda, <strong>Al\u00edcia Romero<\/strong>, calcula que la recaudaci\u00f3n se incrementar\u00e1 en 100 millones de euros y pasar\u00e1 a 200 millones en total.<\/p>\n<h4><strong>Nuevos importes y aplicaci\u00f3n por municipios<\/strong><\/h4>\n<p>El incremento afectar\u00e1 <strong>a todos los establecimientos tur\u00edsticos<\/strong>, y los municipios podr\u00e1n aplicar un recargo adicional, como ya hace Barcelona. Los nuevos importes previstos son:<\/p>\n<ul>\n<li><strong>Barcelona:<\/strong> Un turista en un hotel de 5 estrellas podr\u00e1 pagar hasta <strong>15 euros por noche<\/strong> (7 euros de tasa + 8 de recargo municipal).<\/li>\n<li><strong>Resto de Catalu\u00f1a:<\/strong> La tasa por alojarse en un hotel de lujo ser\u00e1 de <strong>6 euros por noche<\/strong>, con la posibilidad de un recargo municipal de hasta <strong>4 euros<\/strong>, alcanzando un total de <strong>10 euros por noche<\/strong>.<\/li>\n<li><strong>Campings y establecimientos de menor categor\u00eda:<\/strong> El importe de la tasa se duplicar\u00e1 hasta <strong>1,20 euros por noche<\/strong>, con un recargo opcional de <strong>4 euros<\/strong>, sumando un total de <strong>5,20 euros por noche<\/strong>.<\/li>\n<\/ul>\n<h4><strong>Un impulso al acceso a la vivienda<\/strong><\/h4>\n<p>El acuerdo incluye la destinaci\u00f3n del 25% de la recaudaci\u00f3n a pol\u00edticas de vivienda, con el objetivo de <strong>mejorar el acceso a la vivienda<\/strong> e incrementar la oferta de pisos asequibles. La consejera de Econom\u00eda, <strong>Al\u00edcia Romero<\/strong>, ha defendido la medida asegurando que es una iniciativa \u201c<strong>de justicia<\/strong>\u201d y que otras ciudades europeas ya han aplicado pol\u00edticas similares.<\/p>\n<h4><strong>Cr\u00edticas del sector tur\u00edstico<\/strong><\/h4>\n<p>Las patronales del sector han rechazado la medida, consider\u00e1ndola una \u201c<strong>asfixia fiscal<\/strong>\u201d que puede afectar la competitividad tur\u00edstica de Catalu\u00f1a. <strong>El Gremio de Hoteles de Barcelona<\/strong> alerta que la ciudad se convertir\u00e1 en una de las capitales europeas con <strong>la tasa tur\u00edstica m\u00e1s alta<\/strong>, superando Par\u00eds y Roma.<\/p>\n<p>A pesar de las cr\u00edticas, el Gobierno y los Comunes defienden que <strong>el turismo sigue creciendo en Catalu\u00f1a<\/strong> y que este incremento no supondr\u00e1 una reducci\u00f3n de visitantes. \u201cLos turistas que pagan 400 o 500 euros por una noche de hotel pueden asumir 7 euros m\u00e1s\u201d, ha afirmado <strong>J\u00e9ssica Albiach<\/strong>, portavoz de los Comunes. Albiach ha sido contundente al declarar que \u201cla tasa la pagan los turistas y no los empresarios\u201d, y ha recordado que los lobbys hoteleros defienden sus intereses, pero los pol\u00edticos defienden los intereses de los ciudadanos\u201d.<\/p>\n<p>El acuerdo se ha formalizado p\u00fablicamente. Se prev\u00e9 que la nueva tasa entre en vigor este mismo a\u00f1o.<\/p>\n","protected":false},"excerpt":{"rendered":"<p>El Gobierno de Catalu\u00f1a y los Comunes han llegado a un acuerdo para duplicar la tasa tur\u00edstica que se paga por alojarse en establecimientos tur\u00edsticos. Los Comunes han forzado para que el 25% de los ingresos se destinen a pol\u00edticas de vivienda, un cambio respecto al uso actual de la recaudaci\u00f3n, que se destinaba principalmente &hellip;<\/p>\n","protected":false},"author":408,"featured_media":26679,"comment_status":"closed","ping_status":"open","sticky":false,"template":"","format":"standard","meta":[],"categories":[74],"tags":[],"_links":{"self":[{"href":"https:\/\/www.comunicatur.info\/es\/wp-json\/wp\/v2\/posts\/26682"}],"collection":[{"href":"https:\/\/www.comunicatur.info\/es\/wp-json\/wp\/v2\/posts"}],"about":[{"href":"https:\/\/www.comunicatur.info\/es\/wp-json\/wp\/v2\/types\/post"}],"author":[{"embeddable":true,"href":"https:\/\/www.comunicatur.info\/es\/wp-json\/wp\/v2\/users\/408"}],"replies":[{"embeddable":true,"href":"https:\/\/www.comunicatur.info\/es\/wp-json\/wp\/v2\/comments?post=26682"}],"version-history":[{"count":2,"href":"https:\/\/www.comunicatur.info\/es\/wp-json\/wp\/v2\/posts\/26682\/revisions"}],"predecessor-version":[{"id":26684,"href":"https:\/\/www.comunicatur.info\/es\/wp-json\/wp\/v2\/posts\/26682\/revisions\/26684"}],"wp:featuredmedia":[{"embeddable":true,"href":"https:\/\/www.comunicatur.info\/es\/wp-json\/wp\/v2\/media\/26679"}],"wp:attachment":[{"href":"https:\/\/www.comunicatur.info\/es\/wp-json\/wp\/v2\/media?parent=26682"}],"wp:term":[{"taxonomy":"category","embeddable":true,"href":"https:\/\/www.comunicatur.info\/es\/wp-json\/wp\/v2\/categories?post=26682"},{"taxonomy":"post_tag","embeddable":true,"href":"https:\/\/www.comunicatur.info\/es\/wp-json\/wp\/v2\/tags?post=26682"}],"curies":[{"name":"wp","href":"https:\/\/api.w.org\/{rel}","templated":true}]}}