{"id":26599,"date":"2025-02-14T01:05:48","date_gmt":"2025-02-13T23:05:48","guid":{"rendered":"https:\/\/www.comunicatur.info\/?p=26599"},"modified":"2025-02-14T01:05:48","modified_gmt":"2025-02-13T23:05:48","slug":"vueling-pone-fin-a-la-ruta-barcelona-madrid-y-refuerza-su-apuesta-internacional","status":"publish","type":"post","link":"https:\/\/www.comunicatur.info\/es\/vueling-pone-fin-a-la-ruta-barcelona-madrid-y-refuerza-su-apuesta-internacional\/","title":{"rendered":"Vueling pone fin a la ruta Barcelona-Madrid y refuerza su apuesta internacional"},"content":{"rendered":"<p>La aerol\u00ednea de bajo coste Vueling dejar\u00e1 de operar la ruta Barcelona-Madrid a partir del 29 de marzo. Esta conexi\u00f3n, que contaba con 21 vuelos semanales, pasar\u00e1 a ser operada exclusivamente por Iberia desde el d\u00eda siguiente. A pesar de este cambio, los billetes para esta ruta seguir\u00e1n disponibles a trav\u00e9s de ambas compa\u00f1\u00edas, ya que ambas forman parte del grupo IAG.<\/p>\n<p>La decisi\u00f3n de Vueling de retirarse de este trayecto se produce en un contexto de cambios en la movilidad entre Barcelona y Madrid, especialmente tras la entrada en el mercado ferroviario de operadores como Ouigo e Iryo, que han reducido la rentabilidad del puente a\u00e9reo para las compa\u00f1\u00edas a\u00e9reas. En este sentido, la compa\u00f1\u00eda ha optado por concentrarse en rutas donde mantiene un liderazgo estrat\u00e9gico y reforzar sus operaciones en aeropuertos clave.<\/p>\n<h3>Expansi\u00f3n internacional y crecimiento de la oferta desde Barcelona<\/h3>\n<p>Con la reorganizaci\u00f3n de sus operaciones, Vueling apuesta por incrementar su oferta internacional desde Barcelona. Para la temporada de verano, la compa\u00f1\u00eda ha anunciado cinco nuevas rutas que conectar\u00e1n la ciudad con Tivat (Montenegro), R\u00edmini y Salerno (Italia), Essaouira (Marruecos) y Tirana (Albania). Estas nuevas conexiones forman parte de un plan de expansi\u00f3n que prev\u00e9 un aumento del 13 % en la oferta de asientos para destinos internacionales.<\/p>\n<p>Adem\u00e1s, Vueling reforzar\u00e1 sus operaciones en Baleares y Canarias, con un incremento del 7 % y 21 %, respectivamente, en el n\u00famero de asientos disponibles durante la temporada alta. El objetivo de la compa\u00f1\u00eda es potenciar su posici\u00f3n en el mercado nacional e internacional, consolidando Barcelona como su principal hub de conexiones.<\/p>\n<p>Para hacer frente a este crecimiento, la compa\u00f1\u00eda ha anunciado la incorporaci\u00f3n de tres nuevos aviones a su flota en 2025, lo que permitir\u00e1 alcanzar una capacidad total de 16 millones de asientos desde El Prat, con m\u00e1s de 90 destinos en todo el mundo.<\/p>\n","protected":false},"excerpt":{"rendered":"<p>La aerol\u00ednea de bajo coste Vueling dejar\u00e1 de operar la ruta Barcelona-Madrid a partir del 29 de marzo. Esta conexi\u00f3n, que contaba con 21 vuelos semanales, pasar\u00e1 a ser operada exclusivamente por Iberia desde el d\u00eda siguiente. A pesar de este cambio, los billetes para esta ruta seguir\u00e1n disponibles a trav\u00e9s de ambas compa\u00f1\u00edas, ya &hellip;<\/p>\n","protected":false},"author":408,"featured_media":26596,"comment_status":"closed","ping_status":"open","sticky":false,"template":"","format":"standard","meta":[],"categories":[61],"tags":[],"_links":{"self":[{"href":"https:\/\/www.comunicatur.info\/es\/wp-json\/wp\/v2\/posts\/26599"}],"collection":[{"href":"https:\/\/www.comunicatur.info\/es\/wp-json\/wp\/v2\/posts"}],"about":[{"href":"https:\/\/www.comunicatur.info\/es\/wp-json\/wp\/v2\/types\/post"}],"author":[{"embeddable":true,"href":"https:\/\/www.comunicatur.info\/es\/wp-json\/wp\/v2\/users\/408"}],"replies":[{"embeddable":true,"href":"https:\/\/www.comunicatur.info\/es\/wp-json\/wp\/v2\/comments?post=26599"}],"version-history":[{"count":2,"href":"https:\/\/www.comunicatur.info\/es\/wp-json\/wp\/v2\/posts\/26599\/revisions"}],"predecessor-version":[{"id":26601,"href":"https:\/\/www.comunicatur.info\/es\/wp-json\/wp\/v2\/posts\/26599\/revisions\/26601"}],"wp:featuredmedia":[{"embeddable":true,"href":"https:\/\/www.comunicatur.info\/es\/wp-json\/wp\/v2\/media\/26596"}],"wp:attachment":[{"href":"https:\/\/www.comunicatur.info\/es\/wp-json\/wp\/v2\/media?parent=26599"}],"wp:term":[{"taxonomy":"category","embeddable":true,"href":"https:\/\/www.comunicatur.info\/es\/wp-json\/wp\/v2\/categories?post=26599"},{"taxonomy":"post_tag","embeddable":true,"href":"https:\/\/www.comunicatur.info\/es\/wp-json\/wp\/v2\/tags?post=26599"}],"curies":[{"name":"wp","href":"https:\/\/api.w.org\/{rel}","templated":true}]}}