{"id":26502,"date":"2025-01-30T00:00:57","date_gmt":"2025-01-29T22:00:57","guid":{"rendered":"https:\/\/www.comunicatur.info\/?p=26502"},"modified":"2025-01-29T21:25:53","modified_gmt":"2025-01-29T19:25:53","slug":"las-agencias-de-viajes-mantienen-su-oposicion-al-registro-de-viajeros-y-actuan","status":"publish","type":"post","link":"https:\/\/www.comunicatur.info\/es\/las-agencias-de-viajes-mantienen-su-oposicion-al-registro-de-viajeros-y-actuan\/","title":{"rendered":"Las agencias de viajes mantienen su oposici\u00f3n al registro de viajeros y act\u00faan"},"content":{"rendered":"<p>Las principales asociaciones del <strong>sector tur\u00edstico<\/strong> han unido fuerzas para manifestar su <strong>rechazo al Real Decreto 933\/2021<\/strong>, que regula el <strong>registro de viajeros<\/strong>.<\/p>\n<p>Las asociaciones consideran que la ley impone una <strong>carga burocr\u00e1tica excesiva<\/strong> y han insistido en que se <strong>excluya a las agencias de viajes y operadores tur\u00edsticos<\/strong> de su \u00e1mbito de aplicaci\u00f3n. <strong>Jordi Mart\u00ed, presidente de Acave<\/strong>, ha subrayado que el decreto supone un <strong>\u201cagravio comparativo\u201d<\/strong> con otros pa\u00edses receptores de turismo, mientras que <strong>Jos\u00e9 Luis M\u00e9ndez, de UNAV<\/strong>, ha criticado la <strong>\u201csobrecarga injustificada\u201d<\/strong> que supone para el sector.<\/p>\n<p>Por su parte, <strong>C\u00e9sar Guti\u00e9rrez, de Fetave<\/strong>, ha denunciado que el <strong>Ministerio del Interior \u201cdesconoce profundamente\u201d el funcionamiento de las agencias de viajes<\/strong>. Y el <strong>presidente de CEAV, Carlos Garrido<\/strong>, ha advertido de que la normativa <strong>impactar\u00e1 negativamente en la competitividad del sector y en la campa\u00f1a tur\u00edstica del pr\u00f3ximo verano<\/strong>. <strong>\u201cLos turoperadores ya han presentado quejas y esto supone un grave perjuicio para el sector\u201d<\/strong>, ha se\u00f1alado.<\/p>\n<p>Las <strong>patronales CEAV, UNAV, Acave y Fetave<\/strong> solicitaron formalmente la presencia del <strong>ministro de Industria y Turismo, Jordi Hereu, y de la secretaria de Estado de Turismo, Rosario S\u00e1nchez<\/strong>, a un acto en <strong>Fitur<\/strong> para entregarle el <strong>manifiesto cr\u00edtico<\/strong>, pero finalmente <strong>ninguno de los dos acudi\u00f3<\/strong>.<\/p>\n<p>El <strong>registro de viajeros<\/strong> ha sido objeto de <strong>cr\u00edticas desde su aprobaci\u00f3n<\/strong>, con denuncias sobre la <strong>p\u00e9rdida de competitividad, el aumento de la carga administrativa y el posible impacto en la privacidad de los viajeros<\/strong>. Aunque el <strong>Ministerio de Industria y Turismo<\/strong> ha mostrado disposici\u00f3n a <strong>estudiar las alegaciones<\/strong>, las patronales advierten que, si <strong>no se logra la exclusi\u00f3n del sector, llevar\u00e1n el asunto a los tribunales<\/strong>.<\/p>\n","protected":false},"excerpt":{"rendered":"<p>Las principales asociaciones del sector tur\u00edstico han unido fuerzas para manifestar su rechazo al Real Decreto 933\/2021, que regula el registro de viajeros. Las asociaciones consideran que la ley impone una carga burocr\u00e1tica excesiva y han insistido en que se excluya a las agencias de viajes y operadores tur\u00edsticos de su \u00e1mbito de aplicaci\u00f3n. Jordi &hellip;<\/p>\n","protected":false},"author":408,"featured_media":26499,"comment_status":"closed","ping_status":"open","sticky":false,"template":"","format":"standard","meta":[],"categories":[66],"tags":[],"_links":{"self":[{"href":"https:\/\/www.comunicatur.info\/es\/wp-json\/wp\/v2\/posts\/26502"}],"collection":[{"href":"https:\/\/www.comunicatur.info\/es\/wp-json\/wp\/v2\/posts"}],"about":[{"href":"https:\/\/www.comunicatur.info\/es\/wp-json\/wp\/v2\/types\/post"}],"author":[{"embeddable":true,"href":"https:\/\/www.comunicatur.info\/es\/wp-json\/wp\/v2\/users\/408"}],"replies":[{"embeddable":true,"href":"https:\/\/www.comunicatur.info\/es\/wp-json\/wp\/v2\/comments?post=26502"}],"version-history":[{"count":2,"href":"https:\/\/www.comunicatur.info\/es\/wp-json\/wp\/v2\/posts\/26502\/revisions"}],"predecessor-version":[{"id":26504,"href":"https:\/\/www.comunicatur.info\/es\/wp-json\/wp\/v2\/posts\/26502\/revisions\/26504"}],"wp:featuredmedia":[{"embeddable":true,"href":"https:\/\/www.comunicatur.info\/es\/wp-json\/wp\/v2\/media\/26499"}],"wp:attachment":[{"href":"https:\/\/www.comunicatur.info\/es\/wp-json\/wp\/v2\/media?parent=26502"}],"wp:term":[{"taxonomy":"category","embeddable":true,"href":"https:\/\/www.comunicatur.info\/es\/wp-json\/wp\/v2\/categories?post=26502"},{"taxonomy":"post_tag","embeddable":true,"href":"https:\/\/www.comunicatur.info\/es\/wp-json\/wp\/v2\/tags?post=26502"}],"curies":[{"name":"wp","href":"https:\/\/api.w.org\/{rel}","templated":true}]}}