{"id":26471,"date":"2025-01-26T22:07:06","date_gmt":"2025-01-26T20:07:06","guid":{"rendered":"https:\/\/www.comunicatur.info\/?p=26471"},"modified":"2025-01-26T22:07:06","modified_gmt":"2025-01-26T20:07:06","slug":"fitur-2025-un-monstruo-que-representa-la-potencia-del-sector","status":"publish","type":"post","link":"https:\/\/www.comunicatur.info\/es\/fitur-2025-un-monstruo-que-representa-la-potencia-del-sector\/","title":{"rendered":"Fitur 2025, un monstruo que representa la potencia del sector"},"content":{"rendered":"<p>El turismo es el <strong>motor econ\u00f3mico de Espa\u00f1a<\/strong> y la <strong><a href=\"https:\/\/www.ifema.es\/fitur\" target=\"_blank\" rel=\"noopener\">feria tur\u00edstica de Madrid<\/a><\/strong> es el reflejo de su peso espec\u00edfico. <strong>No existe acontecimiento de reuniones, congresos o negocios similar en Europa.<\/strong> Los hoteles de la capital del pa\u00eds han colgado el cartel de <strong>completo<\/strong> y taxistas y restaurantes han hecho su <strong>agosto particular.<\/strong><\/p>\n<p>La <strong><a href=\"https:\/\/www.ifema.es\/fitur\" target=\"_blank\" rel=\"noopener\">45\u00aa edici\u00f3n de la Feria Internacional de Turismo (FITUR)<\/a><\/strong> ha cerrado con <strong>n\u00fameros hist\u00f3ricos:<\/strong> <strong>250 mil visitantes<\/strong>, de los cuales <strong>155.000 han sido profesionales.<\/strong> La feria ha reunido a m\u00e1s de <strong>9.500 empresas de 156 pa\u00edses<\/strong> (101 con representaci\u00f3n oficial) y <strong>consolida su liderazgo como feria mundial de turismo.<\/strong><\/p>\n<p>El <strong>impacto econ\u00f3mico para Madrid<\/strong> ya se estim\u00f3 al inicio del certamen en <strong><a href=\"https:\/\/www.ifema.es\/fitur\/notas-de-prensa\" target=\"_blank\" rel=\"noopener\">445 millones de euros<\/a>.<\/strong> La cifra final solo puede ser igual o superior a la estimada porque este a\u00f1o <strong>el \u00e9xito de Fitur ha sido claro.<\/strong> A partir de ahora comienza la <strong>cuenta atr\u00e1s para la pr\u00f3xima edici\u00f3n<\/strong>, que ya tiene fecha: del <strong><a href=\"https:\/\/www.ifema.es\/fitur\/pr%C3%B3xima-edici%C3%B3n\" target=\"_blank\" rel=\"noopener\">21 al 25 de enero de 2026<\/a>.<\/strong><\/p>\n<h4><strong>Catalu\u00f1a ha apostado por su gastronom\u00eda en FITUR 2025<\/strong><\/h4>\n<p>La participaci\u00f3n de <strong><a href=\"https:\/\/www.catalunya.com\/\" target=\"_blank\" rel=\"noopener\">Catalu\u00f1a<\/a><\/strong> en su estand de <strong>825 metros cuadrados<\/strong> ha estado marcada por la <strong>gastronom\u00eda<\/strong>, destacando su designaci\u00f3n como <strong><a href=\"https:\/\/www.worldregionofgastronomy.org\/\" target=\"_blank\" rel=\"noopener\">Regi\u00f3n Mundial de la Gastronom\u00eda 2025<\/a>.<\/strong><br \/>\nEl otro pilar reconocido ha sido la <strong><a href=\"https:\/\/www.barcelonaturisme.com\/\" target=\"_blank\" rel=\"noopener\">marca Barcelona<\/a><\/strong>, que ha presentado un <strong>estand inmersivo<\/strong> con el eslogan <strong>\u00abThis is Barcelona\u00bb.<\/strong> Por su parte, <strong><a href=\"https:\/\/www.portaventuraworld.com\/\" target=\"_blank\" rel=\"noopener\">PortAventura<\/a><\/strong> ha celebrado su <strong><a href=\"https:\/\/www.portaventuraworld.com\/30-aniversario\" target=\"_blank\" rel=\"noopener\">30\u00ba aniversario<\/a><\/strong> con un <strong>vag\u00f3n de su ic\u00f3nica monta\u00f1a rusa Dragon Khan<\/strong> como s\u00edmbolo de su historia.<\/p>\n<blockquote class=\"wp-embedded-content\" data-secret=\"kasOV4rqGW\"><p><a href=\"https:\/\/www.comunicatur.info\/es\/fitur-2025-llega-sin-novedades-destacadas-tras-un-ano-de-exito-turistico\/\">FITUR 2025 llega sin novedades destacadas tras un a\u00f1o de \u00e9xito tur\u00edstico<\/a><\/p><\/blockquote>\n<p><iframe class=\"wp-embedded-content\" sandbox=\"allow-scripts\" security=\"restricted\" style=\"position: absolute; clip: rect(1px, 1px, 1px, 1px);\" title=\"&#8220;FITUR 2025 llega sin novedades destacadas tras un a\u00f1o de \u00e9xito tur\u00edstico&#8221; &#8212; Comunicatur\" src=\"https:\/\/www.comunicatur.info\/es\/fitur-2025-llega-sin-novedades-destacadas-tras-un-ano-de-exito-turistico\/embed\/#?secret=VqwqiSECwf#?secret=kasOV4rqGW\" data-secret=\"kasOV4rqGW\" width=\"500\" height=\"282\" frameborder=\"0\" marginwidth=\"0\" marginheight=\"0\" scrolling=\"no\"><\/iframe><\/p>\n","protected":false},"excerpt":{"rendered":"<p>El turismo es el motor econ\u00f3mico de Espa\u00f1a y la feria tur\u00edstica de Madrid es el reflejo de su peso espec\u00edfico. No existe acontecimiento de reuniones, congresos o negocios similar en Europa. Los hoteles de la capital del pa\u00eds han colgado el cartel de completo y taxistas y restaurantes han hecho su agosto particular. La &hellip;<\/p>\n","protected":false},"author":408,"featured_media":26468,"comment_status":"closed","ping_status":"open","sticky":false,"template":"","format":"standard","meta":[],"categories":[63],"tags":[],"_links":{"self":[{"href":"https:\/\/www.comunicatur.info\/es\/wp-json\/wp\/v2\/posts\/26471"}],"collection":[{"href":"https:\/\/www.comunicatur.info\/es\/wp-json\/wp\/v2\/posts"}],"about":[{"href":"https:\/\/www.comunicatur.info\/es\/wp-json\/wp\/v2\/types\/post"}],"author":[{"embeddable":true,"href":"https:\/\/www.comunicatur.info\/es\/wp-json\/wp\/v2\/users\/408"}],"replies":[{"embeddable":true,"href":"https:\/\/www.comunicatur.info\/es\/wp-json\/wp\/v2\/comments?post=26471"}],"version-history":[{"count":2,"href":"https:\/\/www.comunicatur.info\/es\/wp-json\/wp\/v2\/posts\/26471\/revisions"}],"predecessor-version":[{"id":26473,"href":"https:\/\/www.comunicatur.info\/es\/wp-json\/wp\/v2\/posts\/26471\/revisions\/26473"}],"wp:featuredmedia":[{"embeddable":true,"href":"https:\/\/www.comunicatur.info\/es\/wp-json\/wp\/v2\/media\/26468"}],"wp:attachment":[{"href":"https:\/\/www.comunicatur.info\/es\/wp-json\/wp\/v2\/media?parent=26471"}],"wp:term":[{"taxonomy":"category","embeddable":true,"href":"https:\/\/www.comunicatur.info\/es\/wp-json\/wp\/v2\/categories?post=26471"},{"taxonomy":"post_tag","embeddable":true,"href":"https:\/\/www.comunicatur.info\/es\/wp-json\/wp\/v2\/tags?post=26471"}],"curies":[{"name":"wp","href":"https:\/\/api.w.org\/{rel}","templated":true}]}}