{"id":26431,"date":"2025-01-20T00:00:17","date_gmt":"2025-01-19T22:00:17","guid":{"rendered":"https:\/\/www.comunicatur.info\/?p=26431"},"modified":"2025-01-19T19:58:33","modified_gmt":"2025-01-19T17:58:33","slug":"fitur-2025-llega-sin-novedades-destacadas-tras-un-ano-de-exito-turistico","status":"publish","type":"post","link":"https:\/\/www.comunicatur.info\/es\/fitur-2025-llega-sin-novedades-destacadas-tras-un-ano-de-exito-turistico\/","title":{"rendered":"FITUR 2025 llega sin novedades destacadas tras un a\u00f1o de \u00e9xito tur\u00edstico"},"content":{"rendered":"<p>La Feria Internacional de Turismo (FITUR) celebrar\u00e1 su 45\u00aa edici\u00f3n en IFEMA Madrid con la participaci\u00f3n de 9.500 empresas de 156 pa\u00edses. El evento tendr\u00e1 un impacto econ\u00f3mico estimado en 445 millones de euros para la capital espa\u00f1ola y es una de las ferias de turismo m\u00e1s importante del mundo.<\/p>\n<p>En esta edici\u00f3n participan 884 expositores titulares, un 10 % m\u00e1s que en 2024, y la representaci\u00f3n oficial de 101 pa\u00edses, cinco m\u00e1s que en la edici\u00f3n anterior. Durante los tres d\u00edas dedicados a profesionales (22,23 y 24 de enero), se espera la asistencia de 150.000 visitantes del sector. Para mejorar la experiencia de los profesionales, en la feria se ofrece una red WiFi gratuita y una eSIM gratuita de 24 horas durante los d\u00edas de la feria.<\/p>\n<p>Mientras que el fin de semana, 25 y 26 de enero, estar\u00e1 abierto al p\u00fablico general, alcanzando un total de 250.000 visitantes. Esos d\u00edas estar\u00e1 dedicado a las actividades interactivas como catas gastron\u00f3micas, talleres de artesan\u00eda, actuaciones musicales en vivo y experiencias inmersivas que permitir\u00e1n a los visitantes \u00abviajar\u00bb a los rincones m\u00e1s tur\u00edsticos del mundo sin salir de IFEMA.<\/p>\n<p>Brasil ser\u00e1 el pa\u00eds invitado de esta edici\u00f3n, para promover destinos ic\u00f3nicos como R\u00edo de Janeiro pero tambi\u00e9n para recordar que Alter do Ch\u00e3o, en la Amazon\u00eda, ser\u00e1 sede de la Conferencia de Naciones Unidas sobre el Cambio Clim\u00e1tico 2025.<\/p>\n<h4><strong>Diez secciones renovadas: innovaci\u00f3n y sostenibilidad como ejes<\/strong><\/h4>\n<p>FITUR 2025 apuesta por una renovaci\u00f3n integral de sus diez secciones, conectando la industria tur\u00edstica con sectores clave y promoviendo pr\u00e1cticas responsables. Entre las m\u00e1s destacadas se encuentran:<\/p>\n<ul>\n<li><strong>FITUR Cruises<\/strong>: Turismo de cruceros con compromiso hacia la sostenibilidad medioambiental.<\/li>\n<li><strong>FITUR LGTB+<\/strong>: Diversidad e inclusi\u00f3n, representando a m\u00e1s del 10 % de los turistas mundiales.<\/li>\n<li><strong>FITUR Lingua<\/strong>: Turismo idiom\u00e1tico como herramienta para desestacionalizar la demanda.<\/li>\n<li><strong>FITUR Sports<\/strong>: El turismo deportivo como impulsor de sostenibilidad.<\/li>\n<li><strong>FITUR Woman<\/strong>: Liderazgo femenino en el sector.<\/li>\n<li><strong>FITUR Techy<\/strong>: C\u00f3mo la inteligencia artificial est\u00e1 transformando la gesti\u00f3n tur\u00edstica.<\/li>\n<li><strong>FITUR 4all<\/strong>: Promoci\u00f3n de la accesibilidad en el turismo.<\/li>\n<\/ul>\n<p>Adem\u00e1s, el <strong>Observatorio de Sostenibilidad de FITUR<\/strong> evaluar\u00e1 la huella de carbono del evento y plantear\u00e1 estrategias para minimizar su impacto ambiental.<\/p>\n","protected":false},"excerpt":{"rendered":"<p>La Feria Internacional de Turismo (FITUR) celebrar\u00e1 su 45\u00aa edici\u00f3n en IFEMA Madrid con la participaci\u00f3n de 9.500 empresas de 156 pa\u00edses. El evento tendr\u00e1 un impacto econ\u00f3mico estimado en 445 millones de euros para la capital espa\u00f1ola y es una de las ferias de turismo m\u00e1s importante del mundo. En esta edici\u00f3n participan 884 &hellip;<\/p>\n","protected":false},"author":408,"featured_media":19004,"comment_status":"closed","ping_status":"open","sticky":false,"template":"","format":"standard","meta":[],"categories":[63],"tags":[],"_links":{"self":[{"href":"https:\/\/www.comunicatur.info\/es\/wp-json\/wp\/v2\/posts\/26431"}],"collection":[{"href":"https:\/\/www.comunicatur.info\/es\/wp-json\/wp\/v2\/posts"}],"about":[{"href":"https:\/\/www.comunicatur.info\/es\/wp-json\/wp\/v2\/types\/post"}],"author":[{"embeddable":true,"href":"https:\/\/www.comunicatur.info\/es\/wp-json\/wp\/v2\/users\/408"}],"replies":[{"embeddable":true,"href":"https:\/\/www.comunicatur.info\/es\/wp-json\/wp\/v2\/comments?post=26431"}],"version-history":[{"count":3,"href":"https:\/\/www.comunicatur.info\/es\/wp-json\/wp\/v2\/posts\/26431\/revisions"}],"predecessor-version":[{"id":26434,"href":"https:\/\/www.comunicatur.info\/es\/wp-json\/wp\/v2\/posts\/26431\/revisions\/26434"}],"wp:featuredmedia":[{"embeddable":true,"href":"https:\/\/www.comunicatur.info\/es\/wp-json\/wp\/v2\/media\/19004"}],"wp:attachment":[{"href":"https:\/\/www.comunicatur.info\/es\/wp-json\/wp\/v2\/media?parent=26431"}],"wp:term":[{"taxonomy":"category","embeddable":true,"href":"https:\/\/www.comunicatur.info\/es\/wp-json\/wp\/v2\/categories?post=26431"},{"taxonomy":"post_tag","embeddable":true,"href":"https:\/\/www.comunicatur.info\/es\/wp-json\/wp\/v2\/tags?post=26431"}],"curies":[{"name":"wp","href":"https:\/\/api.w.org\/{rel}","templated":true}]}}