{"id":26399,"date":"2025-02-17T00:00:33","date_gmt":"2025-02-16T22:00:33","guid":{"rendered":"https:\/\/www.comunicatur.info\/?p=26399"},"modified":"2025-02-05T15:48:53","modified_gmt":"2025-02-05T13:48:53","slug":"impacto-de-tasas-e-impuestos-en-el-turismo-catalan-peligra-la-competitividad-del-destino","status":"publish","type":"post","link":"https:\/\/www.comunicatur.info\/es\/impacto-de-tasas-e-impuestos-en-el-turismo-catalan-peligra-la-competitividad-del-destino\/","title":{"rendered":"Impacto de tasas e impuestos en el turismo catal\u00e1n: \u00bfPeligra la competitividad del destino?"},"content":{"rendered":"<p>Las tasas e impuestos aplicados en Catalu\u00f1a sobre el turismo generan <em>opiniones encontradas<\/em> entre turistas, empresarios y autoridades locales. Con un n\u00famero creciente de destinos que buscan competir en el sector tur\u00edstico internacional, algunos expertos advierten que <strong>la carga fiscal podr\u00eda afectar la competitividad de Catalu\u00f1a<\/strong> como destino. <em>A pesar de ello, los datos contradicen las previsiones pesimistas.<\/em><\/p>\n<p>La conocida <strong>tasa tur\u00edstica de Catalu\u00f1a<\/strong>, que se aplica seg\u00fan el tipo y ubicaci\u00f3n de alojamiento, ha sido <em>objeto de debate<\/em> por parte del sector. Aunque esta medida pretende asegurar la <a href=\"https:\/\/sustainabledevelopment.un.org\/\" target=\"_blank\" rel=\"noopener\">sostenibilidad<\/a> y la <strong>reinversi\u00f3n en infraestructuras tur\u00edsticas<\/strong>, algunos empresarios se\u00f1alan que un aumento en los costos de alojamiento podr\u00eda desincentivar la llegada de turistas, especialmente en un contexto de competitividad con otros destinos europeos.<\/p>\n<p><em>A diferencia de lo que tem\u00edan en el sector<\/em>, Catalu\u00f1a ha recibido un <strong>incremento en el n\u00famero de turistas<\/strong>, en l\u00ednea con el crecimiento del sector a nivel <a href=\"https:\/\/www.ine.es\/\" target=\"_blank\" rel=\"noopener\">nacional<\/a> y <a href=\"https:\/\/ec.europa.eu\/growth\/sectors\/tourism_es\" target=\"_blank\" rel=\"noopener\">europeo<\/a>. Los visitantes contin\u00faan invirtiendo en <em>experiencias locales<\/em>, gastronom\u00eda y cultura, lo que impulsa a sectores como el <strong>comercio, la restauraci\u00f3n y el ocio<\/strong> en toda la regi\u00f3n.<\/p>\n<p>Las autoridades han subrayado que esta <strong>evoluci\u00f3n positiva<\/strong> del sector demuestra que <strong>la tasa tur\u00edstica no ha afectado a la competitividad<\/strong> de la regi\u00f3n. \u00ab<em>Catalu\u00f1a sigue siendo un destino de referencia, y los turistas valoran la experiencia integral m\u00e1s all\u00e1 del costo de la tasa,<\/em>\u00bb ha se\u00f1alado un portavoz del gobierno catal\u00e1n.<\/p>\n<h4><strong>El impacto en el gasto tur\u00edstico<\/strong><\/h4>\n<p>La <strong>carga fiscal sobre bienes y servicios tur\u00edsticos<\/strong>, que incluye el <a href=\"https:\/\/www.agenciatributaria.es\/\" target=\"_blank\" rel=\"noopener\">IVA en alojamientos<\/a>, restaurantes y actividades de ocio, tambi\u00e9n repercute directamente en <em>el bolsillo del turista<\/em>. Esta situaci\u00f3n, dicen los expertos, podr\u00eda limitar el gasto de los visitantes en Catalu\u00f1a, afectando a sectores como la <strong>restauraci\u00f3n, el comercio local y el ocio<\/strong>. \u00ab<em>La experiencia de los turistas no solo depende de lo que ven, sino tambi\u00e9n de lo que pueden permitirse gastar. Es esencial encontrar un balance que no afecte a la demanda,<\/em>\u00bb se\u00f1alan algunos empresarios locales.<\/p>\n<p>Sin embargo, desde las autoridades auton\u00f3micas subrayan que los <strong>ingresos derivados de estos impuestos<\/strong> permiten fortalecer la <a href=\"https:\/\/www.turismecat.es\/\" target=\"_blank\" rel=\"noopener\">infraestructura tur\u00edstica de Catalu\u00f1a<\/a> y mejorar la experiencia de los visitantes. Parte de la recaudaci\u00f3n se destina, adem\u00e1s, a la <strong>promoci\u00f3n de Catalu\u00f1a en mercados internacionales<\/strong>, con el objetivo de afianzar la presencia de la regi\u00f3n en el \u00e1mbito global. <em>El gasto tur\u00edstico tambi\u00e9n se ha mantenido s\u00f3lido en los \u00faltimos a\u00f1os.<\/em><\/p>\n<h4><strong>Apuesta por la sostenibilidad y la econom\u00eda local<\/strong><\/h4>\n<p>El uso de la recaudaci\u00f3n fiscal para la <strong>gesti\u00f3n ambiental<\/strong> es uno de los aspectos m\u00e1s defendidos por los promotores de la tasa tur\u00edstica. En zonas de alta afluencia, las autoridades han implementado <em>planes de conservaci\u00f3n y sostenibilidad<\/em> que buscan reducir el <a href=\"https:\/\/www.wttc.org\/\" target=\"_blank\" rel=\"noopener\">impacto del turismo masivo<\/a> en \u00e1reas urbanas y naturales. Seg\u00fan fuentes oficiales, la <strong>tasa tur\u00edstica permite financiar proyectos de conservaci\u00f3n<\/strong> y sostenibilidad que favorecen la calidad de vida de los residentes y la experiencia del visitante.<\/p>\n<p>Sin embargo, los empresarios advierten que, si bien las <em>mejoras en infraestructura y sostenibilidad<\/em> benefician al sector en el largo plazo, <strong>un aumento en la carga fiscal<\/strong> podr\u00eda reducir la rentabilidad de los negocios locales, afectando su capacidad de inversi\u00f3n y el empleo en la regi\u00f3n.<\/p>\n<h4><strong>El equilibrio entre competitividad y sostenibilidad<\/strong><\/h4>\n<p>Mientras el <em>debate contin\u00faa<\/em>, algunos expertos sugieren que un <strong>aumento excesivo en la carga fiscal<\/strong> podr\u00eda colocar a Catalu\u00f1a en una posici\u00f3n desfavorable frente a otros destinos europeos, especialmente en un entorno cada vez m\u00e1s competitivo. <em>A pesar de esto<\/em>, el <a href=\"https:\/\/govern.cat\/\" target=\"_blank\" rel=\"noopener\">gobierno catal\u00e1n<\/a> mantiene su compromiso con la <strong>sostenibilidad y la mejora de la infraestructura tur\u00edstica<\/strong> como pilares para consolidar un modelo de turismo responsable y de calidad.<\/p>\n<p>En resumen, el impacto de las tasas e impuestos en Catalu\u00f1a es un tema <em>complejo<\/em> que pone a prueba la capacidad de la regi\u00f3n para mantenerse como un <strong>destino atractivo y sostenible<\/strong> en un contexto global cambiante.<\/p>\n<blockquote class=\"wp-embedded-content\" data-secret=\"D33yRSgcxE\"><p><a href=\"https:\/\/www.comunicatur.info\/es\/cataluna-dispuesta-a-duplicar-la-tasa-turistica\/\">Catalu\u00f1a dispuesta a duplicar la tasa tur\u00edstica<\/a><\/p><\/blockquote>\n<p><iframe class=\"wp-embedded-content\" sandbox=\"allow-scripts\" security=\"restricted\" style=\"position: absolute; clip: rect(1px, 1px, 1px, 1px);\" title=\"&#8220;Catalu\u00f1a dispuesta a duplicar la tasa tur\u00edstica&#8221; &#8212; Comunicatur\" src=\"https:\/\/www.comunicatur.info\/es\/cataluna-dispuesta-a-duplicar-la-tasa-turistica\/embed\/#?secret=S4NF7uHCq2#?secret=D33yRSgcxE\" data-secret=\"D33yRSgcxE\" width=\"500\" height=\"282\" frameborder=\"0\" marginwidth=\"0\" marginheight=\"0\" scrolling=\"no\"><\/iframe><\/p>\n","protected":false},"excerpt":{"rendered":"<p>Las tasas e impuestos aplicados en Catalu\u00f1a sobre el turismo generan opiniones encontradas entre turistas, empresarios y autoridades locales. Con un n\u00famero creciente de destinos que buscan competir en el sector tur\u00edstico internacional, algunos expertos advierten que la carga fiscal podr\u00eda afectar la competitividad de Catalu\u00f1a como destino. A pesar de ello, los datos contradicen &hellip;<\/p>\n","protected":false},"author":408,"featured_media":26395,"comment_status":"closed","ping_status":"open","sticky":false,"template":"","format":"standard","meta":[],"categories":[73],"tags":[],"_links":{"self":[{"href":"https:\/\/www.comunicatur.info\/es\/wp-json\/wp\/v2\/posts\/26399"}],"collection":[{"href":"https:\/\/www.comunicatur.info\/es\/wp-json\/wp\/v2\/posts"}],"about":[{"href":"https:\/\/www.comunicatur.info\/es\/wp-json\/wp\/v2\/types\/post"}],"author":[{"embeddable":true,"href":"https:\/\/www.comunicatur.info\/es\/wp-json\/wp\/v2\/users\/408"}],"replies":[{"embeddable":true,"href":"https:\/\/www.comunicatur.info\/es\/wp-json\/wp\/v2\/comments?post=26399"}],"version-history":[{"count":1,"href":"https:\/\/www.comunicatur.info\/es\/wp-json\/wp\/v2\/posts\/26399\/revisions"}],"predecessor-version":[{"id":26400,"href":"https:\/\/www.comunicatur.info\/es\/wp-json\/wp\/v2\/posts\/26399\/revisions\/26400"}],"wp:featuredmedia":[{"embeddable":true,"href":"https:\/\/www.comunicatur.info\/es\/wp-json\/wp\/v2\/media\/26395"}],"wp:attachment":[{"href":"https:\/\/www.comunicatur.info\/es\/wp-json\/wp\/v2\/media?parent=26399"}],"wp:term":[{"taxonomy":"category","embeddable":true,"href":"https:\/\/www.comunicatur.info\/es\/wp-json\/wp\/v2\/categories?post=26399"},{"taxonomy":"post_tag","embeddable":true,"href":"https:\/\/www.comunicatur.info\/es\/wp-json\/wp\/v2\/tags?post=26399"}],"curies":[{"name":"wp","href":"https:\/\/api.w.org\/{rel}","templated":true}]}}