{"id":26334,"date":"2024-12-30T01:30:35","date_gmt":"2024-12-29T23:30:35","guid":{"rendered":"https:\/\/www.comunicatur.info\/?p=26334"},"modified":"2024-12-30T01:56:07","modified_gmt":"2024-12-29T23:56:07","slug":"ranking-las-10-noticias-de-turismo-mas-leidas-en-2024","status":"publish","type":"post","link":"https:\/\/www.comunicatur.info\/es\/ranking-las-10-noticias-de-turismo-mas-leidas-en-2024\/","title":{"rendered":"Ranking: Las 10 noticias de turismo m\u00e1s le\u00eddas en 2024"},"content":{"rendered":"<p>El TOP 10 de las noticias que m\u00e1s han interesado a los lectores y suscriptores de Comunicatur durante el 2024. \u00a1Desc\u00fabrelas!<\/p>\n<p><strong>1.<\/strong> <strong><a href=\"https:\/\/www.comunicatur.info\/es\/no-hay-dos-sin-tres-nuevo-golpe-a-la-normativa-catalana-de-pisos-turisticos\/\">No hay dos sin tres: Nuevo golpe a la normativa catalana de pisos tur\u00edsticos<\/a><\/strong><br \/>\nTodo son malas noticias para el decreto ley de la Generalidad de Catalu\u00f1a que pretende limitar las viviendas de uso tur\u00edstico (VUT) en beneficio del alquiler residencial. Primero la autoridad catalana de competencia, despu\u00e9s la estatal y ahora es la Uni\u00f3n Europea quien la cuestiona.<\/p>\n<p><strong>2.<\/strong> <a href=\"https:\/\/www.comunicatur.info\/es\/multa-millonaria-a-la-vista-para-booking\/\"><strong>Multa millonaria a la vista para Booking<\/strong><\/a><br \/>\nEl gigante Booking hace frente en Espa\u00f1a a una multa de 486 millones de euros por las condiciones comerciales que la plataforma impone a los hoteles.<\/p>\n<p><strong>3.<\/strong> <a href=\"https:\/\/www.comunicatur.info\/es\/vuelve-el-fantasma-de-la-falta-de-personal-en-el-sector-turistico\/\"><strong>Vuelve el fantasma de la falta de personal en el sector tur\u00edstico<\/strong><\/a><br \/>\nGrandes dificultades para encontrar a personas interesadas en trabajar en la hosteler\u00eda.<\/p>\n<p><strong>4.<\/strong> <a href=\"https:\/\/www.comunicatur.info\/es\/ata-informa-a-los-turistas-sobre-la-nueva-regulacion-de-las-viviendas-de-uso-turistico-vut\/\"><strong>ATA informa a los turistas sobre la nueva regulaci\u00f3n de las viviendas de uso tur\u00edstico (VUT)<\/strong><\/a><br \/>\nLa Asociaci\u00f3n de Apartamentos Tur\u00edsticos cree que la nueva regulaci\u00f3n del Govern eliminar\u00e1 el 40% de vivienda de uso tur\u00edstico en cinco a\u00f1os y pide el apoyo de los turistas.<\/p>\n<p><strong>5.<\/strong> <a href=\"https:\/\/www.comunicatur.info\/es\/obligan-a-desmontar-parte-del-camping-ballena-alegre-de-la-costa-brava-por-irregularidades-urbanisticas\/\"><strong>Obligan a desmontar parte del camping Ballena Alegre de la Costa Brava por irregularidades urban\u00edsticas<\/strong><\/a><br \/>\nEs uno de los mejores campings de Europa que cuenta con reconocimientos internacionales, entre ellos, por su sostenibilidad.<\/p>\n<p><strong>6.<\/strong> <a href=\"https:\/\/www.comunicatur.info\/es\/la-presion-sobre-ouigo-por-sus-bajos-precios\/\"><strong>La presi\u00f3n sobre Ouigo por los bajos precios<\/strong><\/a><br \/>\nEl Gobierno critica abiertamente las tarifas reducidas que ofrece la operadora Ouigo en los trenes de alta velocidad en Espa\u00f1a. El ministro de Transportes, \u00d3scar Puente, se ha manifestado p\u00fablicamente de forma poco habitual entrando en una guerra dial\u00e9ctica contra la compa\u00f1\u00eda.<\/p>\n<p><strong>7.<\/strong> <a href=\"https:\/\/www.comunicatur.info\/es\/la-justicia-obliga-a-hacer-contrato-laboral-a-unos-guias-que-trabajaban-como-autonomos\/\"><strong>La justicia obliga a hacer contrato laboral a unos gu\u00edas que trabajaban como aut\u00f3nomos<\/strong><\/a><br \/>\nLa resoluci\u00f3n abre la puerta a modificar gran parte de la actividad de las empresas de gu\u00edas tur\u00edsticos.<\/p>\n<p><strong>8.<\/strong> <a href=\"https:\/\/www.comunicatur.info\/es\/los-gestores-de-pisos-turisticos-reclamaran-indemnizaciones\/\"><strong>Los gestores de pisos tur\u00edsticos reclamar\u00e1n indemnizaciones<\/strong><\/a><br \/>\nLa Federaci\u00f3n Catalana de Apartamentos Tur\u00edsticos (Federatur) se defiende de la ofensiva que est\u00e1n sufriendo los gestores de pisos tur\u00edsticos legales que busca eliminar su actividad.<\/p>\n<p><strong>9.<\/strong> <a href=\"https:\/\/www.comunicatur.info\/es\/los-cruceros-advierten-que-variaran-itinerarios-si-se-les-estigmatiza\/\"><strong>Los cruceros advierten que variar\u00e1n itinerarios si se les estigmatiza<\/strong><\/a><br \/>\nLa ola contra la masificaci\u00f3n tur\u00edstica y las manifestaciones sociales han situado a la industria crucerista como una de las responsables.<\/p>\n<p><strong>10.<\/strong> <a href=\"https:\/\/www.comunicatur.info\/es\/el-gobierno-impone-el-registro-obligatorio-de-datos-del-sector-turistico-pese-al-rechazo-del-sector\/\"><strong>El Govern impone el registro obligatorio de datos del sector tur\u00edstico pese al rechazo del sector<\/strong><\/a><br \/>\nHa entrado en vigor el Real Decreto 933\/2021, que impone nuevas obligaciones al sector tur\u00edstico para recoger y comunicar a la polic\u00eda datos personales de los clientes de alojamientos, agencias de viajes y rent-a-car.<\/p>\n<p><strong>Bonus Track.<\/strong> <a href=\"https:\/\/www.comunicatur.info\/es\/la-buena-noticia-que-esperaba-el-sector-hotelero\/\"><strong>La buena noticia que esperaba el sector hotelero<\/strong><\/a><br \/>\nLos hoteles no estar\u00e1n obligados a ofrecer a Booking.com el mejor precio de reserva. Debe eliminar las cl\u00e1usulas de paridad en Europa.<\/p>\n","protected":false},"excerpt":{"rendered":"<p>El TOP 10 de las noticias que m\u00e1s han interesado a los lectores y suscriptores de Comunicatur durante el 2024. \u00a1Desc\u00fabrelas! 1. No hay dos sin tres: Nuevo golpe a la normativa catalana de pisos tur\u00edsticos Todo son malas noticias para el decreto ley de la Generalidad de Catalu\u00f1a que pretende limitar las viviendas de &hellip;<\/p>\n","protected":false},"author":408,"featured_media":21631,"comment_status":"closed","ping_status":"open","sticky":false,"template":"","format":"standard","meta":[],"categories":[73],"tags":[],"_links":{"self":[{"href":"https:\/\/www.comunicatur.info\/es\/wp-json\/wp\/v2\/posts\/26334"}],"collection":[{"href":"https:\/\/www.comunicatur.info\/es\/wp-json\/wp\/v2\/posts"}],"about":[{"href":"https:\/\/www.comunicatur.info\/es\/wp-json\/wp\/v2\/types\/post"}],"author":[{"embeddable":true,"href":"https:\/\/www.comunicatur.info\/es\/wp-json\/wp\/v2\/users\/408"}],"replies":[{"embeddable":true,"href":"https:\/\/www.comunicatur.info\/es\/wp-json\/wp\/v2\/comments?post=26334"}],"version-history":[{"count":6,"href":"https:\/\/www.comunicatur.info\/es\/wp-json\/wp\/v2\/posts\/26334\/revisions"}],"predecessor-version":[{"id":26344,"href":"https:\/\/www.comunicatur.info\/es\/wp-json\/wp\/v2\/posts\/26334\/revisions\/26344"}],"wp:featuredmedia":[{"embeddable":true,"href":"https:\/\/www.comunicatur.info\/es\/wp-json\/wp\/v2\/media\/21631"}],"wp:attachment":[{"href":"https:\/\/www.comunicatur.info\/es\/wp-json\/wp\/v2\/media?parent=26334"}],"wp:term":[{"taxonomy":"category","embeddable":true,"href":"https:\/\/www.comunicatur.info\/es\/wp-json\/wp\/v2\/categories?post=26334"},{"taxonomy":"post_tag","embeddable":true,"href":"https:\/\/www.comunicatur.info\/es\/wp-json\/wp\/v2\/tags?post=26334"}],"curies":[{"name":"wp","href":"https:\/\/api.w.org\/{rel}","templated":true}]}}