{"id":26326,"date":"2025-01-02T00:00:39","date_gmt":"2025-01-01T22:00:39","guid":{"rendered":"https:\/\/www.comunicatur.info\/?p=26326"},"modified":"2024-12-30T01:18:14","modified_gmt":"2024-12-29T23:18:14","slug":"las-agencias-de-viajes-britanicas-no-tendran-que-compartir-datos-de-viajeros-con-espana","status":"publish","type":"post","link":"https:\/\/www.comunicatur.info\/es\/las-agencias-de-viajes-britanicas-no-tendran-que-compartir-datos-de-viajeros-con-espana\/","title":{"rendered":"Las agencias de viajes brit\u00e1nicas no tendr\u00e1n que compartir datos de viajeros con Espa\u00f1a"},"content":{"rendered":"<p>La Oficina de Turismo de Espa\u00f1a en el Reino Unido ha confirmado que las agencias de viajes y los operadores tur\u00edsticos brit\u00e1nicos <strong>no estar\u00e1n obligados a proporcionar datos de los clientes que viajen a Espa\u00f1a<\/strong>. La medida surge tras las dudas generadas en torno a la aplicaci\u00f3n de la normativa de protecci\u00f3n de datos dentro de la Uni\u00f3n Europea.<\/p>\n<p>Seg\u00fan la informaci\u00f3n proporcionada, la normativa que regula la recopilaci\u00f3n de datos se limita a establecimientos de alojamiento, como hoteles, pensiones y apartamentos, as\u00ed como a empresas de alquiler de veh\u00edculos. Estos sectores <strong>est\u00e1n obligados a registrar los datos de los clientes en una plataforma oficial gestionada por el Ministerio del Interior espa\u00f1ol<\/strong>.<\/p>\n<p>La Oficina ha aclarado que esta medida <strong>no es nueva<\/strong>, ya que el sistema de recopilaci\u00f3n de datos existe desde hace <strong>65 a\u00f1os en hoteles<\/strong> y desde hace <strong>50 a\u00f1os en empresas de alquiler de coches<\/strong>. Las actualizaciones recientes del sistema han a\u00f1adido \u00fanicamente <strong>dos campos de datos adicionales<\/strong> para alinearse con la legislaci\u00f3n vigente.<\/p>\n<p>La normativa afecta \u00fanicamente a las <strong>empresas espa\u00f1olas<\/strong>. Esto significa que las agencias y los operadores tur\u00edsticos del Reino Unido <strong>est\u00e1n exentos de registrar datos de los clientes<\/strong> cuando organizan paquetes que incluyan alojamiento o veh\u00edculos de alquiler en Espa\u00f1a.<\/p>\n<p>Por otro lado, las empresas o intermediarios situados en territorio espa\u00f1ol, que trabajen conjuntamente con operadores internacionales, s\u00ed deber\u00e1n registrar estos datos.<\/p>\n<p>Con esta aclaraci\u00f3n, Espa\u00f1a pretende ofrecer seguridad y transparencia a los operadores tur\u00edsticos, al tiempo que garantiza el cumplimiento de sus normativas internas sin afectar a mercados emisores como el brit\u00e1nico.<\/p>\n","protected":false},"excerpt":{"rendered":"<p>La Oficina de Turismo de Espa\u00f1a en el Reino Unido ha confirmado que las agencias de viajes y los operadores tur\u00edsticos brit\u00e1nicos no estar\u00e1n obligados a proporcionar datos de los clientes que viajen a Espa\u00f1a. La medida surge tras las dudas generadas en torno a la aplicaci\u00f3n de la normativa de protecci\u00f3n de datos dentro &hellip;<\/p>\n","protected":false},"author":408,"featured_media":26323,"comment_status":"closed","ping_status":"open","sticky":false,"template":"","format":"standard","meta":[],"categories":[66],"tags":[],"_links":{"self":[{"href":"https:\/\/www.comunicatur.info\/es\/wp-json\/wp\/v2\/posts\/26326"}],"collection":[{"href":"https:\/\/www.comunicatur.info\/es\/wp-json\/wp\/v2\/posts"}],"about":[{"href":"https:\/\/www.comunicatur.info\/es\/wp-json\/wp\/v2\/types\/post"}],"author":[{"embeddable":true,"href":"https:\/\/www.comunicatur.info\/es\/wp-json\/wp\/v2\/users\/408"}],"replies":[{"embeddable":true,"href":"https:\/\/www.comunicatur.info\/es\/wp-json\/wp\/v2\/comments?post=26326"}],"version-history":[{"count":2,"href":"https:\/\/www.comunicatur.info\/es\/wp-json\/wp\/v2\/posts\/26326\/revisions"}],"predecessor-version":[{"id":26328,"href":"https:\/\/www.comunicatur.info\/es\/wp-json\/wp\/v2\/posts\/26326\/revisions\/26328"}],"wp:featuredmedia":[{"embeddable":true,"href":"https:\/\/www.comunicatur.info\/es\/wp-json\/wp\/v2\/media\/26323"}],"wp:attachment":[{"href":"https:\/\/www.comunicatur.info\/es\/wp-json\/wp\/v2\/media?parent=26326"}],"wp:term":[{"taxonomy":"category","embeddable":true,"href":"https:\/\/www.comunicatur.info\/es\/wp-json\/wp\/v2\/categories?post=26326"},{"taxonomy":"post_tag","embeddable":true,"href":"https:\/\/www.comunicatur.info\/es\/wp-json\/wp\/v2\/tags?post=26326"}],"curies":[{"name":"wp","href":"https:\/\/api.w.org\/{rel}","templated":true}]}}