{"id":26302,"date":"2024-12-17T20:28:13","date_gmt":"2024-12-17T18:28:13","guid":{"rendered":"https:\/\/www.comunicatur.info\/?p=26302"},"modified":"2024-12-16T20:31:33","modified_gmt":"2024-12-16T18:31:33","slug":"la-opinion-negativa-sobre-el-impacto-del-turismo-llega-al-nivel-mas-alto-registrado-hasta-ahora","status":"publish","type":"post","link":"https:\/\/www.comunicatur.info\/es\/la-opinion-negativa-sobre-el-impacto-del-turismo-llega-al-nivel-mas-alto-registrado-hasta-ahora\/","title":{"rendered":"La opini\u00f3n negativa sobre el impacto del turismo llega al nivel m\u00e1s alto registrado hasta ahora"},"content":{"rendered":"<p>La Diputaci\u00f3n de Barcelona ha dado a conocer un <strong>nuevo estudio del LABturisme sobre la opini\u00f3n ciudadana del turismo en la regi\u00f3n de Barcelona.<\/strong> La valoraci\u00f3n positiva predomina claramente, puesto que hasta un 73,4% de los residentes de la regi\u00f3n de Barcelona considera que el impacto del turismo es \u201cmuy positivo\u201d (17,2%) o \u201cpositivo\u201d (56,2%). Por el contrario, un 3,5% considera que es \u201cmuy negativo\u201d y un 14,2% que es \u201cnegativo\u201d. Este 17,7% de opini\u00f3n negativa es el m\u00e1s alto registrado hasta y ahora y supera claramente a las cifras del a\u00f1o pasado (9,5%).<\/p>\n<p>Destaca que las opiniones negativas son m\u00e1s altas entre los catalanoparlantes (23,8%) y las personas con estudios superiores (29,1%).<\/p>\n<p>Otros datos del estudio son los siguientes:<\/p>\n<ul>\n<li><strong>Un 73,6% de los residentes est\u00e1 de acuerdo con seguir fomentando el turismo<\/strong>, pero solo un 55,2% cree que en su comarca se tendr\u00eda que atraer m\u00e1s turistas.<\/li>\n<li>Por primera vez en el intervalo 2017-2024 <strong>m\u00e1s personas est\u00e1n de acuerdo en el hecho que el turismo limita actividades y espacio.<\/strong><\/li>\n<li>Hasta un 38% de los residentes cree que <strong>se est\u00e1 llegando al l\u00edmite de capacidad de absorci\u00f3n de turismo<\/strong> en su comarca.<\/li>\n<li>Este porcentaje sube hasta el 63% en las comarcas m\u00e1s pr\u00f3ximas a la ciudad de Barcelona.<\/li>\n<li><strong>3 de cada 4 residentes de las comarcas de Barcelona quieren limitar por ley las viviendas de uso tur\u00edstico,<\/strong> pero solo un 14% cree que hay demasiadas.<\/li>\n<li><strong>Impuesto tur\u00edstico: el 50% quiere mantenerlo<\/strong>; un tercio prefiere reducirlo o eliminarlo y un 18% incrementarlo.<\/li>\n<li>La mayor\u00eda de los residentes de las comarcas de Barcelona prioriza el uso del agua para la agricultura, la industria y los domicilios por delante del turismo.<\/li>\n<\/ul>\n<p>El estudio del LABturisme de la Diputaci\u00f3n de Barcelona est\u00e1 insertado dentro de la encuesta \u00d3mnibus de la Generalitat de Catalu\u00f1a. El informe de resultados tiene un total de 30 p\u00e1ginas y consta de cuatro apartados principales:<br \/>\n&#8211; El impacto del turismo en la sociedad catalana<br \/>\n&#8211; Grado de acuerdo con algunas cuestiones sobre la gesti\u00f3n del turismo<br \/>\n&#8211; Turismo, legislaci\u00f3n y vivienda<br \/>\n&#8211; Prioridades en el contexto de sequ\u00eda<\/p>\n<p>Y tambi\u00e9n tiene un anexo en el que se hace una comparativa con Catalu\u00f1a.<\/p>\n<p>Quiero ver el estudio <a href=\"https:\/\/www.diba.cat\/documents\/d\/turisme\/20241203-informe-percepcio-ciutadana-vers-el-turisme_2024-pdf\" target=\"_blank\" rel=\"noopener\"><strong>\u201cLa opini\u00f3n ciudadana sobre el turismo en la regi\u00f3n de Barcelona\u201d.<\/strong><\/a><\/p>\n","protected":false},"excerpt":{"rendered":"<p>La Diputaci\u00f3n de Barcelona ha dado a conocer un nuevo estudio del LABturisme sobre la opini\u00f3n ciudadana del turismo en la regi\u00f3n de Barcelona. La valoraci\u00f3n positiva predomina claramente, puesto que hasta un 73,4% de los residentes de la regi\u00f3n de Barcelona considera que el impacto del turismo es \u201cmuy positivo\u201d (17,2%) o \u201cpositivo\u201d (56,2%). &hellip;<\/p>\n","protected":false},"author":408,"featured_media":26295,"comment_status":"closed","ping_status":"open","sticky":false,"template":"","format":"standard","meta":[],"categories":[74],"tags":[],"_links":{"self":[{"href":"https:\/\/www.comunicatur.info\/es\/wp-json\/wp\/v2\/posts\/26302"}],"collection":[{"href":"https:\/\/www.comunicatur.info\/es\/wp-json\/wp\/v2\/posts"}],"about":[{"href":"https:\/\/www.comunicatur.info\/es\/wp-json\/wp\/v2\/types\/post"}],"author":[{"embeddable":true,"href":"https:\/\/www.comunicatur.info\/es\/wp-json\/wp\/v2\/users\/408"}],"replies":[{"embeddable":true,"href":"https:\/\/www.comunicatur.info\/es\/wp-json\/wp\/v2\/comments?post=26302"}],"version-history":[{"count":2,"href":"https:\/\/www.comunicatur.info\/es\/wp-json\/wp\/v2\/posts\/26302\/revisions"}],"predecessor-version":[{"id":26304,"href":"https:\/\/www.comunicatur.info\/es\/wp-json\/wp\/v2\/posts\/26302\/revisions\/26304"}],"wp:featuredmedia":[{"embeddable":true,"href":"https:\/\/www.comunicatur.info\/es\/wp-json\/wp\/v2\/media\/26295"}],"wp:attachment":[{"href":"https:\/\/www.comunicatur.info\/es\/wp-json\/wp\/v2\/media?parent=26302"}],"wp:term":[{"taxonomy":"category","embeddable":true,"href":"https:\/\/www.comunicatur.info\/es\/wp-json\/wp\/v2\/categories?post=26302"},{"taxonomy":"post_tag","embeddable":true,"href":"https:\/\/www.comunicatur.info\/es\/wp-json\/wp\/v2\/tags?post=26302"}],"curies":[{"name":"wp","href":"https:\/\/api.w.org\/{rel}","templated":true}]}}