{"id":26279,"date":"2024-12-16T00:00:35","date_gmt":"2024-12-15T22:00:35","guid":{"rendered":"https:\/\/www.comunicatur.info\/?p=26279"},"modified":"2024-12-15T22:23:59","modified_gmt":"2024-12-15T20:23:59","slug":"el-parlament-reanuda-la-controversia-sobre-el-proyecto-hard-rock-que-ya-dura-una-decada","status":"publish","type":"post","link":"https:\/\/www.comunicatur.info\/es\/el-parlament-reanuda-la-controversia-sobre-el-proyecto-hard-rock-que-ya-dura-una-decada\/","title":{"rendered":"El Parlament reanuda la controversia sobre el proyecto Hard Rock que ya dura una d\u00e9cada"},"content":{"rendered":"<p>Despu\u00e9s de m\u00e1s de una d\u00e9cada de discusiones y bloqueos, el proyecto del <a href=\"https:\/\/www.hardrock.com\/\" target=\"_blank\" rel=\"noopener\"><strong>Hard Rock<\/strong><\/a> en el Camp de Tarragona vive un giro inesperado. El <a href=\"https:\/\/www.parlament.cat\/\" target=\"_blank\" rel=\"noopener\"><strong>Parlament de Catalunya<\/strong><\/a> ha aprobado un punto de una moci\u00f3n presentada por el PPC que insta al Govern a aprobar el <strong>plan director urban\u00edstico<\/strong> del <a href=\"https:\/\/www.gencat.cat\/\" target=\"_blank\" rel=\"noopener\"><strong>Centro Recreativo Tur\u00edstico (CRT)<\/strong><\/a> de Vila-seca y Salou. A la vez, ha iniciado la tramitaci\u00f3n parlamentaria para eliminar los <strong>beneficios fiscales<\/strong> concedidos en 2014, una medida que reduc\u00eda los <strong>impuestos sobre el juego<\/strong> del 55% al 10%, con el objetivo de facilitar la construcci\u00f3n de este macrocomplejo de casinos, hoteles y espacios comerciales.<\/p>\n<p>As\u00ed, un texto aprobado insta al ejecutivo catal\u00e1n a resolver el <strong>informe de impacto ambiental<\/strong> pendiente para dar luz verde al plan urban\u00edstico y otro pone trabas econ\u00f3micas v\u00eda <strong>impuestos<\/strong> que afectar\u00edan su viabilidad.<\/p>\n<p>El proyecto del Hard Rock, bloqueado desde hace a\u00f1os, ahora se reactiva pero genera una divisi\u00f3n pol\u00edtica a\u00fan m\u00e1s profunda. El futuro de esta inversi\u00f3n millonaria parece cada vez m\u00e1s incierto.<\/p>\n<p>El <a href=\"https:\/\/www.hardrock.com\/locations\/casinos.aspx\" target=\"_blank\" rel=\"noopener\"><strong>Hard Rock Entertainment World<\/strong><\/a>, que promet\u00eda ser estrat\u00e9gico para desestacionalizar el <a href=\"https:\/\/costadaurada.info\/\" target=\"_blank\" rel=\"noopener\"><strong>turismo del Camp de Tarragona<\/strong><\/a>, sigue pendiendo de un hilo. La doble din\u00e1mica de reactivaci\u00f3n del plan urban\u00edstico y eliminaci\u00f3n de los beneficios fiscales hace que el desenlace sea una inc\u00f3gnita.<\/p>\n<blockquote class=\"wp-embedded-content\" data-secret=\"nP9vvRxfkU\"><p><a href=\"https:\/\/www.comunicatur.info\/es\/el-hard-rock-se-carga-la-legislatura-del-gobierno-de-cataluna\/\">El Hard Rock se carga la legislatura del gobierno de Catalu\u00f1a<\/a><\/p><\/blockquote>\n<p><iframe class=\"wp-embedded-content\" sandbox=\"allow-scripts\" security=\"restricted\" style=\"position: absolute; clip: rect(1px, 1px, 1px, 1px);\" title=\"&#8220;El Hard Rock se carga la legislatura del gobierno de Catalu\u00f1a&#8221; &#8212; Comunicatur\" src=\"https:\/\/www.comunicatur.info\/es\/el-hard-rock-se-carga-la-legislatura-del-gobierno-de-cataluna\/embed\/#?secret=hbNYrNyWnq#?secret=nP9vvRxfkU\" data-secret=\"nP9vvRxfkU\" width=\"500\" height=\"282\" frameborder=\"0\" marginwidth=\"0\" marginheight=\"0\" scrolling=\"no\"><\/iframe><\/p>\n<blockquote class=\"wp-embedded-content\" data-secret=\"9RUNo81yPl\"><p><a href=\"https:\/\/www.comunicatur.info\/es\/ofensiva-para-detener-el-proyecto-de-hard-rock\/\">Ofensiva para detener el proyecto de Hard Rock<\/a><\/p><\/blockquote>\n<p><iframe class=\"wp-embedded-content\" sandbox=\"allow-scripts\" security=\"restricted\" style=\"position: absolute; clip: rect(1px, 1px, 1px, 1px);\" title=\"&#8220;Ofensiva para detener el proyecto de Hard Rock&#8221; &#8212; Comunicatur\" src=\"https:\/\/www.comunicatur.info\/es\/ofensiva-para-detener-el-proyecto-de-hard-rock\/embed\/#?secret=N5qwt0OiQT#?secret=9RUNo81yPl\" data-secret=\"9RUNo81yPl\" width=\"500\" height=\"282\" frameborder=\"0\" marginwidth=\"0\" marginheight=\"0\" scrolling=\"no\"><\/iframe><\/p>\n<blockquote class=\"wp-embedded-content\" data-secret=\"v87E97w4iK\"><p><a href=\"https:\/\/www.comunicatur.info\/es\/vila-seca-y-salou-se-disputan-los-ingresos-por-la-fiscalidad-del-hard-rock\/\">Vila-seca y Salou se disputan los ingresos por la fiscalidad del Hard Rock<\/a><\/p><\/blockquote>\n<p><iframe class=\"wp-embedded-content\" sandbox=\"allow-scripts\" security=\"restricted\" style=\"position: absolute; clip: rect(1px, 1px, 1px, 1px);\" title=\"&#8220;Vila-seca y Salou se disputan los ingresos por la fiscalidad del Hard Rock&#8221; &#8212; Comunicatur\" src=\"https:\/\/www.comunicatur.info\/es\/vila-seca-y-salou-se-disputan-los-ingresos-por-la-fiscalidad-del-hard-rock\/embed\/#?secret=isI3o9HPEs#?secret=v87E97w4iK\" data-secret=\"v87E97w4iK\" width=\"500\" height=\"282\" frameborder=\"0\" marginwidth=\"0\" marginheight=\"0\" scrolling=\"no\"><\/iframe><\/p>\n<blockquote class=\"wp-embedded-content\" data-secret=\"4Svw0dQu4V\"><p><a href=\"https:\/\/www.comunicatur.info\/es\/hard-rock-sigue-empantanado-en-la-costa-dorada\/\">Hard Rock sigue empantanado en la Costa Dorada<\/a><\/p><\/blockquote>\n<p><iframe class=\"wp-embedded-content\" sandbox=\"allow-scripts\" security=\"restricted\" style=\"position: absolute; clip: rect(1px, 1px, 1px, 1px);\" title=\"&#8220;Hard Rock sigue empantanado en la Costa Dorada&#8221; &#8212; Comunicatur\" src=\"https:\/\/www.comunicatur.info\/es\/hard-rock-sigue-empantanado-en-la-costa-dorada\/embed\/#?secret=gBb5afHjbi#?secret=4Svw0dQu4V\" data-secret=\"4Svw0dQu4V\" width=\"500\" height=\"282\" frameborder=\"0\" marginwidth=\"0\" marginheight=\"0\" scrolling=\"no\"><\/iframe><\/p>\n<p>&nbsp;<\/p>\n","protected":false},"excerpt":{"rendered":"<p>Despu\u00e9s de m\u00e1s de una d\u00e9cada de discusiones y bloqueos, el proyecto del Hard Rock en el Camp de Tarragona vive un giro inesperado. El Parlament de Catalunya ha aprobado un punto de una moci\u00f3n presentada por el PPC que insta al Govern a aprobar el plan director urban\u00edstico del Centro Recreativo Tur\u00edstico (CRT) de &hellip;<\/p>\n","protected":false},"author":408,"featured_media":26276,"comment_status":"closed","ping_status":"open","sticky":false,"template":"","format":"standard","meta":[],"categories":[62],"tags":[],"_links":{"self":[{"href":"https:\/\/www.comunicatur.info\/es\/wp-json\/wp\/v2\/posts\/26279"}],"collection":[{"href":"https:\/\/www.comunicatur.info\/es\/wp-json\/wp\/v2\/posts"}],"about":[{"href":"https:\/\/www.comunicatur.info\/es\/wp-json\/wp\/v2\/types\/post"}],"author":[{"embeddable":true,"href":"https:\/\/www.comunicatur.info\/es\/wp-json\/wp\/v2\/users\/408"}],"replies":[{"embeddable":true,"href":"https:\/\/www.comunicatur.info\/es\/wp-json\/wp\/v2\/comments?post=26279"}],"version-history":[{"count":3,"href":"https:\/\/www.comunicatur.info\/es\/wp-json\/wp\/v2\/posts\/26279\/revisions"}],"predecessor-version":[{"id":26284,"href":"https:\/\/www.comunicatur.info\/es\/wp-json\/wp\/v2\/posts\/26279\/revisions\/26284"}],"wp:featuredmedia":[{"embeddable":true,"href":"https:\/\/www.comunicatur.info\/es\/wp-json\/wp\/v2\/media\/26276"}],"wp:attachment":[{"href":"https:\/\/www.comunicatur.info\/es\/wp-json\/wp\/v2\/media?parent=26279"}],"wp:term":[{"taxonomy":"category","embeddable":true,"href":"https:\/\/www.comunicatur.info\/es\/wp-json\/wp\/v2\/categories?post=26279"},{"taxonomy":"post_tag","embeddable":true,"href":"https:\/\/www.comunicatur.info\/es\/wp-json\/wp\/v2\/tags?post=26279"}],"curies":[{"name":"wp","href":"https:\/\/api.w.org\/{rel}","templated":true}]}}