{"id":26232,"date":"2024-12-10T00:00:57","date_gmt":"2024-12-09T22:00:57","guid":{"rendered":"https:\/\/www.comunicatur.info\/?p=26232"},"modified":"2024-12-09T19:48:49","modified_gmt":"2024-12-09T17:48:49","slug":"el-sector-turistico-gerundense-se-une-para-defender-su-papel-en-el-territorio","status":"publish","type":"post","link":"https:\/\/www.comunicatur.info\/es\/el-sector-turistico-gerundense-se-une-para-defender-su-papel-en-el-territorio\/","title":{"rendered":"El sector tur\u00edstico gerundense se une para defender su papel en el territorio"},"content":{"rendered":"<p>El sector tur\u00edstico de las comarcas gerundenses ha mostrado su fuerza y unidad con la presentaci\u00f3n del manifiesto <strong><a href=\"https:\/\/www.costabrava.org\/\" target=\"_blank\" rel=\"noopener\">\u201cTuristas Somos Tod@s\u201d<\/a><\/strong>, un documento que ya cuenta con m\u00e1s de <strong>100 adhesiones<\/strong> de organizaciones, asociaciones y empresas del sector. El texto destaca que el <strong>turismo genera 60.000 puestos de trabajo<\/strong>, representa el <strong>19% del PIB gerundense<\/strong> y es un elemento estrat\u00e9gico para el desarrollo <strong>econ\u00f3mico, social y cultural<\/strong> del territorio.<\/p>\n<p>La <strong><a href=\"https:\/\/www.girona.cat\/\" target=\"_blank\" rel=\"noopener\">Mesa Gerundense de Turismo (MGT)<\/a><\/strong>, impulsora del manifiesto, ha reivindicado el modelo tur\u00edstico de la regi\u00f3n como un ejemplo de <strong>innovaci\u00f3n y sostenibilidad<\/strong>. Josep Roca, sumiller de <strong><a href=\"https:\/\/cellercanroca.com\/\" target=\"_blank\" rel=\"noopener\">El Celler de Can Roca<\/a><\/strong>, dio voz al documento en su presentaci\u00f3n, subrayando el compromiso del sector con el bienestar de la comunidad y la <strong>desestacionalizaci\u00f3n<\/strong> de la actividad tur\u00edstica.<\/p>\n<p><em>\u201cSomos un sector que trabaja por el territorio y queremos ser parte de la soluci\u00f3n a los retos actuales, apostando por la convivencia, la sostenibilidad y la formaci\u00f3n de profesionales\u201d<\/em>, destac\u00f3 <strong>Jaume Dulsat<\/strong>, presidente de la MGT.<\/p>\n<p>El evento de presentaci\u00f3n cont\u00f3 con el apoyo de representantes institucionales como <strong>Gemma Geis<\/strong>, vicealcaldesa de Girona, y <strong>Miquel Noguer<\/strong>, presidente de la <strong><a href=\"https:\/\/www.ddgi.cat\/\" target=\"_blank\" rel=\"noopener\">Diputaci\u00f3n de Girona<\/a><\/strong>. Ambos coincidieron en la necesidad de garantizar un turismo equilibrado que beneficie tanto a los residentes como a los visitantes, destacando que el sector tur\u00edstico gerundense es un ejemplo de <strong>resiliencia e innovaci\u00f3n<\/strong>.<\/p>\n<p>Adem\u00e1s, la jornada incluy\u00f3 una acci\u00f3n solidaria para recaudar fondos destinados a mejorar la planta de hospitalizaci\u00f3n pedi\u00e1trica del <strong><a href=\"https:\/\/icsgirona.cat\/hospitaltrueta\" target=\"_blank\" rel=\"noopener\">Hospital Josep Trueta<\/a><\/strong>, en un gesto que demuestra el impacto positivo del sector m\u00e1s all\u00e1 de la econom\u00eda.<\/p>\n<p>Con este manifiesto, el sector tur\u00edstico gerundense reafirma su compromiso con un modelo <strong>responsable y sostenible<\/strong>, trabajando conjuntamente con las administraciones y la sociedad civil para garantizar el bienestar del territorio y de las futuras generaciones.<\/p>\n<p><strong>Puntos clave del manifiesto \u201cTuristas Somos Tod@s\u201d:<\/strong><\/p>\n<ul>\n<li>El turismo genera <strong>60.000 puestos de trabajo directos<\/strong> en las comarcas gerundenses, con un alto impacto econ\u00f3mico y social.<\/li>\n<li>Representa el <strong>19% del PIB gerundense<\/strong>, siendo un motor clave para la econom\u00eda del territorio.<\/li>\n<li>Reivindica un turismo basado en la <strong>sostenibilidad, la innovaci\u00f3n y la calidad<\/strong>, garantizando el respeto al medio ambiente y a las comunidades locales.<\/li>\n<li>Promueve la <strong>cohesi\u00f3n social<\/strong>, el di\u00e1logo intercultural y la convivencia entre residentes y visitantes.<\/li>\n<li>Apuesta por la <strong>desestacionalizaci\u00f3n<\/strong> y la <strong>democratizaci\u00f3n del turismo<\/strong>, ofreciendo oportunidades equitativas para todos los sectores de la sociedad.<\/li>\n<li>Se compromete a fomentar la <strong>formaci\u00f3n profesional<\/strong>, la colaboraci\u00f3n p\u00fablico-privada y el desarrollo de infraestructuras sostenibles.<\/li>\n<\/ul>\n<p><strong>Referencia final:<\/strong><br \/>\nEl manifiesto completo, impulsado por la Mesa Gerundense de Turismo, se puede consultar en el siguiente enlace: <a href=\"https:\/\/www.tgt.cat\/wp-content\/uploads\/2024\/12\/MANIFEST-Turistes-Som-Tot@s.pdf\" target=\"_blank\" rel=\"noopener\"><strong>Manifiesto \u201cTuristas Somos Tod@s\u201d (PDF)<\/strong><\/a>.<\/p>\n","protected":false},"excerpt":{"rendered":"<p>El sector tur\u00edstico de las comarcas gerundenses ha mostrado su fuerza y unidad con la presentaci\u00f3n del manifiesto \u201cTuristas Somos Tod@s\u201d, un documento que ya cuenta con m\u00e1s de 100 adhesiones de organizaciones, asociaciones y empresas del sector. El texto destaca que el turismo genera 60.000 puestos de trabajo, representa el 19% del PIB gerundense &hellip;<\/p>\n","protected":false},"author":408,"featured_media":26229,"comment_status":"closed","ping_status":"open","sticky":false,"template":"","format":"standard","meta":[],"categories":[68],"tags":[],"_links":{"self":[{"href":"https:\/\/www.comunicatur.info\/es\/wp-json\/wp\/v2\/posts\/26232"}],"collection":[{"href":"https:\/\/www.comunicatur.info\/es\/wp-json\/wp\/v2\/posts"}],"about":[{"href":"https:\/\/www.comunicatur.info\/es\/wp-json\/wp\/v2\/types\/post"}],"author":[{"embeddable":true,"href":"https:\/\/www.comunicatur.info\/es\/wp-json\/wp\/v2\/users\/408"}],"replies":[{"embeddable":true,"href":"https:\/\/www.comunicatur.info\/es\/wp-json\/wp\/v2\/comments?post=26232"}],"version-history":[{"count":4,"href":"https:\/\/www.comunicatur.info\/es\/wp-json\/wp\/v2\/posts\/26232\/revisions"}],"predecessor-version":[{"id":26239,"href":"https:\/\/www.comunicatur.info\/es\/wp-json\/wp\/v2\/posts\/26232\/revisions\/26239"}],"wp:featuredmedia":[{"embeddable":true,"href":"https:\/\/www.comunicatur.info\/es\/wp-json\/wp\/v2\/media\/26229"}],"wp:attachment":[{"href":"https:\/\/www.comunicatur.info\/es\/wp-json\/wp\/v2\/media?parent=26232"}],"wp:term":[{"taxonomy":"category","embeddable":true,"href":"https:\/\/www.comunicatur.info\/es\/wp-json\/wp\/v2\/categories?post=26232"},{"taxonomy":"post_tag","embeddable":true,"href":"https:\/\/www.comunicatur.info\/es\/wp-json\/wp\/v2\/tags?post=26232"}],"curies":[{"name":"wp","href":"https:\/\/api.w.org\/{rel}","templated":true}]}}