{"id":26220,"date":"2024-12-09T00:00:54","date_gmt":"2024-12-08T22:00:54","guid":{"rendered":"https:\/\/www.comunicatur.info\/?p=26220"},"modified":"2024-12-07T12:39:14","modified_gmt":"2024-12-07T10:39:14","slug":"vilanova-i-la-geltru-castell-daro-platja-daro-y-sagaro-y-sant-pere-pescador-obtienen-el-reconocimiento-catalunya-hola-familia","status":"publish","type":"post","link":"https:\/\/www.comunicatur.info\/es\/vilanova-i-la-geltru-castell-daro-platja-daro-y-sagaro-y-sant-pere-pescador-obtienen-el-reconocimiento-catalunya-hola-familia\/","title":{"rendered":"Vilanova i la Geltr\u00fa, Castell d&#8217;Aro, Platja d&#8217;Aro y S&#8217;Agar\u00f3, y Sant Pere Pescador obtienen el reconocimiento \u00abCatalunya, HOLA fam\u00edlia!\u00bb"},"content":{"rendered":"<p>El Gobierno de Catalu\u00f1a, a trav\u00e9s de la <strong>Ag\u00e8ncia Catalana de Turisme (ACT)<\/strong> del Departamento de Empresa y Trabajo, ha otorgado el distintivo <strong>Catalunya, HOLA fam\u00edlia!<\/strong> a los destinos de <strong>Vilanova i la Geltr\u00fa<\/strong>, <strong>Castell d\u2019Aro, Platja d\u2019Aro y S\u2019Agar\u00f3<\/strong>, y <strong>Sant Pere Pescador<\/strong>. Este reconocimiento destaca el compromiso y la excelencia de estos municipios en el desarrollo de una oferta especializada en <strong>turismo familiar<\/strong>.<\/p>\n<h4><strong>Compromiso con un turismo sostenible y familiar<\/strong><\/h4>\n<p>Seg\u00fan la directora de la ACT, <strong>Arantxa Calvera<\/strong>, \u201cel objetivo es consolidar Catalu\u00f1a como un destino referente para las vacaciones familiares, fomentando un turismo <strong>sostenible<\/strong>, <strong>responsable<\/strong> y <strong>diversificado<\/strong>\u201d. Este distintivo pone en valor aspectos como la <strong>digitalizaci\u00f3n<\/strong>, la <strong>sostenibilidad<\/strong>, la participaci\u00f3n de los residentes en la estrategia tur\u00edstica y la <strong>colaboraci\u00f3n p\u00fablico-privada<\/strong>.<\/p>\n<p>Los municipios reconocidos podr\u00e1n disfrutar de beneficios como:<\/p>\n<ul>\n<li>Participaci\u00f3n en <strong>proyectos innovadores<\/strong>.<\/li>\n<li>Mayor <strong>visibilidad<\/strong> en las campa\u00f1as de promoci\u00f3n de la ACT.<\/li>\n<li>Acceso preferente a acciones en <strong>mercados internacionales<\/strong>.<\/li>\n<li>Apoyo en la coordinaci\u00f3n del turismo familiar.<\/li>\n<\/ul>\n<h4><strong>Renovaci\u00f3n del Programa de Turismo Familiar<\/strong><\/h4>\n<p>El reconocimiento forma parte del nuevo enfoque del <strong>Programa de Turismo Familiar<\/strong>, que ha sido renovado para adaptarse a las necesidades actuales del sector. Ahora, las <strong>empresas y entidades tur\u00edsticas<\/strong> pueden solicitar su adhesi\u00f3n individualmente, sin necesidad de pertenecer a un destino espec\u00edfico. Adem\u00e1s, se han incorporado nuevos requisitos, como la afiliaci\u00f3n de <strong>bodegas y artesanos<\/strong> que ofrezcan experiencias para familias.<\/p>\n<h4><em><strong>Destinos reconocidos:<\/strong><\/em><\/h4>\n<h4><strong>Vilanova i la Geltr\u00fa<\/strong><\/h4>\n<p>Un municipio con una amplia oferta para todas las edades: desde sus <strong>ocho playas<\/strong> y la <strong>Estaci\u00f3n N\u00e1utica<\/strong>, hasta el <strong>Museo del Ferrocarril de Catalu\u00f1a<\/strong> y los <strong>parques naturales<\/strong> del Garraf, Foix y Ol\u00e8rdola. Tambi\u00e9n destaca por su rico <strong>patrimonio hist\u00f3rico<\/strong> y gastron\u00f3mico. <a href=\"https:\/\/www.vilanovaturisme.cat\/\" target=\"_blank\" rel=\"noopener\">M\u00e1s informaci\u00f3n sobre Vilanova i la Geltr\u00fa<\/a>.<\/p>\n<h4><strong>Castell d\u2019Aro, Platja d\u2019Aro y S\u2019Agar\u00f3<\/strong><\/h4>\n<p>Este destino es ideal para familias gracias a sus <strong>parques<\/strong>, <strong>zonas verdes<\/strong>, <strong>playas<\/strong>, y actividades interactivas como las <strong>gincanas<\/strong>. Eventos como el <strong>Carnaval de Platja d\u2019Aro<\/strong> o el <strong>Festival Xalaro<\/strong> complementan su oferta. <a href=\"https:\/\/www.platjadaro.com\/\" target=\"_blank\" rel=\"noopener\">Descubre Castell d\u2019Aro, Platja d\u2019Aro y S\u2019Agar\u00f3<\/a>.<\/p>\n<h4><strong>Sant Pere Pescador<\/strong><\/h4>\n<p>Con m\u00e1s de <strong>seis kil\u00f3metros de playas de arena fina<\/strong> y su integraci\u00f3n en el <strong>Parque Natural de los Aiguamolls de l&#8217;Empord\u00e0<\/strong>, este destino es referente internacional por la calidad y sostenibilidad de sus <strong>campings<\/strong>. <a href=\"https:\/\/www.santpere.cat\/\" target=\"_blank\" rel=\"noopener\">Conoce m\u00e1s sobre Sant Pere Pescador<\/a>.<\/p>\n<h4><strong>Otros destinos distinguidos<\/strong><\/h4>\n<p>Estos tres destinos se suman a los ya reconocidos <strong>Lloret de Mar<\/strong>, <strong>Salou<\/strong> y <strong>Santa Susanna<\/strong>, que tambi\u00e9n recibieron el distintivo este verano.<\/p>\n<p>Para m\u00e1s informaci\u00f3n sobre el programa <strong>Catalunya, HOLA fam\u00edlia!<\/strong>, visita <a href=\"https:\/\/act.gencat.cat\/\" target=\"_blank\" rel=\"noopener\">Ag\u00e8ncia Catalana de Turisme<\/a>.<\/p>\n","protected":false},"excerpt":{"rendered":"<p>El Gobierno de Catalu\u00f1a, a trav\u00e9s de la Ag\u00e8ncia Catalana de Turisme (ACT) del Departamento de Empresa y Trabajo, ha otorgado el distintivo Catalunya, HOLA fam\u00edlia! a los destinos de Vilanova i la Geltr\u00fa, Castell d\u2019Aro, Platja d\u2019Aro y S\u2019Agar\u00f3, y Sant Pere Pescador. Este reconocimiento destaca el compromiso y la excelencia de estos municipios &hellip;<\/p>\n","protected":false},"author":408,"featured_media":26216,"comment_status":"closed","ping_status":"open","sticky":false,"template":"","format":"standard","meta":[],"categories":[62],"tags":[],"_links":{"self":[{"href":"https:\/\/www.comunicatur.info\/es\/wp-json\/wp\/v2\/posts\/26220"}],"collection":[{"href":"https:\/\/www.comunicatur.info\/es\/wp-json\/wp\/v2\/posts"}],"about":[{"href":"https:\/\/www.comunicatur.info\/es\/wp-json\/wp\/v2\/types\/post"}],"author":[{"embeddable":true,"href":"https:\/\/www.comunicatur.info\/es\/wp-json\/wp\/v2\/users\/408"}],"replies":[{"embeddable":true,"href":"https:\/\/www.comunicatur.info\/es\/wp-json\/wp\/v2\/comments?post=26220"}],"version-history":[{"count":2,"href":"https:\/\/www.comunicatur.info\/es\/wp-json\/wp\/v2\/posts\/26220\/revisions"}],"predecessor-version":[{"id":26222,"href":"https:\/\/www.comunicatur.info\/es\/wp-json\/wp\/v2\/posts\/26220\/revisions\/26222"}],"wp:featuredmedia":[{"embeddable":true,"href":"https:\/\/www.comunicatur.info\/es\/wp-json\/wp\/v2\/media\/26216"}],"wp:attachment":[{"href":"https:\/\/www.comunicatur.info\/es\/wp-json\/wp\/v2\/media?parent=26220"}],"wp:term":[{"taxonomy":"category","embeddable":true,"href":"https:\/\/www.comunicatur.info\/es\/wp-json\/wp\/v2\/categories?post=26220"},{"taxonomy":"post_tag","embeddable":true,"href":"https:\/\/www.comunicatur.info\/es\/wp-json\/wp\/v2\/tags?post=26220"}],"curies":[{"name":"wp","href":"https:\/\/api.w.org\/{rel}","templated":true}]}}