{"id":26196,"date":"2024-12-03T00:39:11","date_gmt":"2024-12-02T22:39:11","guid":{"rendered":"https:\/\/www.comunicatur.info\/?p=26196"},"modified":"2024-12-03T00:39:11","modified_gmt":"2024-12-02T22:39:11","slug":"iata-dice-que-los-billetes-en-espana-subiran-si-se-elimina-el-recargo-de-equipaje-de-mano","status":"publish","type":"post","link":"https:\/\/www.comunicatur.info\/es\/iata-dice-que-los-billetes-en-espana-subiran-si-se-elimina-el-recargo-de-equipaje-de-mano\/","title":{"rendered":"IATA dice que los billetes en Espa\u00f1a subir\u00e1n si se elimina el recargo de equipaje de mano"},"content":{"rendered":"<p>La Asociaci\u00f3n Internacional de Transporte A\u00e9reo (IATA) ha criticado al gobierno espa\u00f1ol por multar a las compa\u00f1\u00edas por las tasas de equipaje de mano asegurando que la decisi\u00f3n anula la ley europea y socava la libertad de fijaci\u00f3n de precios.<\/p>\n<p>Adem\u00e1s de considerarla ilegal, a\u00f1aden desde IATA que es una decisi\u00f3n que no protege el inter\u00e9s del consumidor porque no da opciones a los viajeros que desean elegir los servicios concretos que quieren recibir y pagar.<\/p>\n<p>Con la prohibici\u00f3n de cobrar el equipaje de mano, afirma la asociaci\u00f3n, todas las compa\u00f1\u00edas a\u00e9reas repercutir\u00e1n el coste autom\u00e1ticamente en los billetes del conjunto de viajeros. IATA explica que dos de cada tres clientes que compra un billete de avi\u00f3n prefiere pagar el precio m\u00e1s bajo posible y despu\u00e9s a\u00f1adir cualquier servicio adicional.<\/p>\n<p>Los representantes de los consumidores replican que las aerol\u00edneas de bajo coste no son transparentes porque las tarifas adicionales no est\u00e1n claras al inicio del proceso de reserva. El precio de un billete puede llegar a encarecerse de forma desproporcionada cuando se opta por la selecci\u00f3n de asiento o equipaje.<\/p>\n","protected":false},"excerpt":{"rendered":"<p>La Asociaci\u00f3n Internacional de Transporte A\u00e9reo (IATA) ha criticado al gobierno espa\u00f1ol por multar a las compa\u00f1\u00edas por las tasas de equipaje de mano asegurando que la decisi\u00f3n anula la ley europea y socava la libertad de fijaci\u00f3n de precios. Adem\u00e1s de considerarla ilegal, a\u00f1aden desde IATA que es una decisi\u00f3n que no protege el &hellip;<\/p>\n","protected":false},"author":408,"featured_media":23196,"comment_status":"closed","ping_status":"open","sticky":false,"template":"","format":"standard","meta":[],"categories":[65],"tags":[],"_links":{"self":[{"href":"https:\/\/www.comunicatur.info\/es\/wp-json\/wp\/v2\/posts\/26196"}],"collection":[{"href":"https:\/\/www.comunicatur.info\/es\/wp-json\/wp\/v2\/posts"}],"about":[{"href":"https:\/\/www.comunicatur.info\/es\/wp-json\/wp\/v2\/types\/post"}],"author":[{"embeddable":true,"href":"https:\/\/www.comunicatur.info\/es\/wp-json\/wp\/v2\/users\/408"}],"replies":[{"embeddable":true,"href":"https:\/\/www.comunicatur.info\/es\/wp-json\/wp\/v2\/comments?post=26196"}],"version-history":[{"count":2,"href":"https:\/\/www.comunicatur.info\/es\/wp-json\/wp\/v2\/posts\/26196\/revisions"}],"predecessor-version":[{"id":26198,"href":"https:\/\/www.comunicatur.info\/es\/wp-json\/wp\/v2\/posts\/26196\/revisions\/26198"}],"wp:featuredmedia":[{"embeddable":true,"href":"https:\/\/www.comunicatur.info\/es\/wp-json\/wp\/v2\/media\/23196"}],"wp:attachment":[{"href":"https:\/\/www.comunicatur.info\/es\/wp-json\/wp\/v2\/media?parent=26196"}],"wp:term":[{"taxonomy":"category","embeddable":true,"href":"https:\/\/www.comunicatur.info\/es\/wp-json\/wp\/v2\/categories?post=26196"},{"taxonomy":"post_tag","embeddable":true,"href":"https:\/\/www.comunicatur.info\/es\/wp-json\/wp\/v2\/tags?post=26196"}],"curies":[{"name":"wp","href":"https:\/\/api.w.org\/{rel}","templated":true}]}}