{"id":26192,"date":"2024-12-02T08:18:15","date_gmt":"2024-12-02T06:18:15","guid":{"rendered":"https:\/\/www.comunicatur.info\/?p=26192"},"modified":"2024-12-12T13:32:44","modified_gmt":"2024-12-12T11:32:44","slug":"el-gobierno-impone-el-registro-obligatorio-de-datos-del-sector-turistico-pese-al-rechazo-del-sector","status":"publish","type":"post","link":"https:\/\/www.comunicatur.info\/es\/el-gobierno-impone-el-registro-obligatorio-de-datos-del-sector-turistico-pese-al-rechazo-del-sector\/","title":{"rendered":"El Gobierno impone el registro obligatorio de datos del sector tur\u00edstico pese al rechazo del sector"},"content":{"rendered":"<p>Este lunes, 2 de diciembre de 2024, entra en vigor el <a href=\"https:\/\/www.comunicatur.info\/es\/las-agencias-tienen-que-informar-de-sus-reservas-a-las-autoridades-publicas\/\">Real Decreto 933\/2021<\/a>, que impone nuevas obligaciones al sector tur\u00edstico para recopilar y comunicar datos personales de los clientes. Esta normativa, que afecta a alojamientos tur\u00edsticos, agencias de viajes y empresas de alquiler de veh\u00edculos sin conductor, ha generado fuertes cr\u00edticas por su elevado impacto administrativo y los conflictos derivados de la doble exigencia policial en Catalu\u00f1a.<\/p>\n<p><strong>La pol\u00e9mica duplicidad de registros en Catalu\u00f1a<\/strong><\/p>\n<p>A nivel estatal, el Real Decreto establece que los datos deben enviarse a la plataforma nacional SES Hospedajes del Ministerio del Interior. Sin embargo, en Catalu\u00f1a, la Generalitat ha implementado un <a href=\"https:\/\/registreviatgers.mossos.gencat.cat\/mossos_hotels\/AppJava\/login.do\" target=\"_blank\" rel=\"noopener\">registro propio gestionado por los Mossos d&#8217;Esquadra<\/a>, exigiendo a las empresas que comuniquen la misma informaci\u00f3n a dos sistemas diferentes.<\/p>\n<p><a href=\"https:\/\/www.comunicatur.info\/es\/el-sector-pide-la-suspension-de-la-entrada-en-vigor-del-rd-933-2021\/\">Jordi Mart\u00ed, presidente de ACAVE<\/a>, ha calificado esta situaci\u00f3n como \u00abun grave desprop\u00f3sito\u00bb y ha alertado de que \u00abla dualidad de registros no solo complica la gesti\u00f3n, sino que incrementa el riesgo de errores y duplicidades\u00bb. Seg\u00fan Mart\u00ed, esto afecta especialmente a las agencias de viajes, que operan con clientes de diferentes regiones y ahora deben enfrentarse a una burocracia a\u00fan m\u00e1s compleja.<\/p>\n<p><strong>Cr\u00edticas del sector: una normativa desproporcionada<\/strong><\/p>\n<p>El sector tur\u00edstico ha expresado una oposici\u00f3n contundente al decreto, considerando que las obligaciones impuestas son desproporcionadas. Las patronales denuncian que la cantidad de datos requeridos \u2014como tel\u00e9fonos, correos electr\u00f3nicos, medios de pago e incluso la relaci\u00f3n de parentesco en el caso de menores\u2014 incrementa el riesgo de incumplimiento de la normativa europea de protecci\u00f3n de datos.<\/p>\n<p><a href=\"https:\/\/www.comunicatur.info\/es\/maxima-preocupacion-de-las-agencias-de-viajes\/\">Mercedes Tejero, gerente de CEAV<\/a>, ha lamentado que el Gobierno espa\u00f1ol haya ignorado sus peticiones de revisi\u00f3n y asegura que \u00abel sector no podr\u00e1 asumir esta normativa en los plazos establecidos\u00bb. Las principales patronales han anunciado que explorar\u00e1n <a href=\"https:\/\/www.comunicatur.info\/es\/el-turismo-explora-vias-legales-contra-el-registro-de-datos-de-viajeros\/\">acciones legales contra el decreto<\/a> y han reclamado nuevamente una moratoria.<\/p>\n<p><strong>El Gobierno defiende la medida y sigue adelante<\/strong><\/p>\n<p>A pesar de las cr\u00edticas, el Ministerio del Interior ha confirmado que la normativa entrar\u00e1 en vigor sin modificaciones. Seg\u00fan el Gobierno, el Real Decreto es esencial para reforzar la seguridad ciudadana y prevenir actividades ilegales. La Generalitat, por su parte, justifica el <a href=\"https:\/\/registreviatgers.mossos.gencat.cat\/mossos_hotels\/AppJava\/login.do\" target=\"_blank\" rel=\"noopener\">registro de los Mossos<\/a> por la necesidad de mantener el control policial dentro de su \u00e1mbito competencial.<\/p>\n<p>Fuentes oficiales del Ministerio han destacado que ya se han adaptado sistemas inform\u00e1ticos y que las empresas dispondr\u00e1n de un periodo transitorio hasta el 31 de enero de 2025 para cumplir con los nuevos requisitos. Sin embargo, las multas por incumplimiento podr\u00edan alcanzar los 30.000 euros, un hecho que preocupa especialmente a las peque\u00f1as y medianas empresas.<\/p>\n","protected":false},"excerpt":{"rendered":"<p>Este lunes, 2 de diciembre de 2024, entra en vigor el Real Decreto 933\/2021, que impone nuevas obligaciones al sector tur\u00edstico para recopilar y comunicar datos personales de los clientes. Esta normativa, que afecta a alojamientos tur\u00edsticos, agencias de viajes y empresas de alquiler de veh\u00edculos sin conductor, ha generado fuertes cr\u00edticas por su elevado &hellip;<\/p>\n","protected":false},"author":408,"featured_media":26190,"comment_status":"closed","ping_status":"open","sticky":false,"template":"","format":"standard","meta":[],"categories":[61],"tags":[],"_links":{"self":[{"href":"https:\/\/www.comunicatur.info\/es\/wp-json\/wp\/v2\/posts\/26192"}],"collection":[{"href":"https:\/\/www.comunicatur.info\/es\/wp-json\/wp\/v2\/posts"}],"about":[{"href":"https:\/\/www.comunicatur.info\/es\/wp-json\/wp\/v2\/types\/post"}],"author":[{"embeddable":true,"href":"https:\/\/www.comunicatur.info\/es\/wp-json\/wp\/v2\/users\/408"}],"replies":[{"embeddable":true,"href":"https:\/\/www.comunicatur.info\/es\/wp-json\/wp\/v2\/comments?post=26192"}],"version-history":[{"count":3,"href":"https:\/\/www.comunicatur.info\/es\/wp-json\/wp\/v2\/posts\/26192\/revisions"}],"predecessor-version":[{"id":26267,"href":"https:\/\/www.comunicatur.info\/es\/wp-json\/wp\/v2\/posts\/26192\/revisions\/26267"}],"wp:featuredmedia":[{"embeddable":true,"href":"https:\/\/www.comunicatur.info\/es\/wp-json\/wp\/v2\/media\/26190"}],"wp:attachment":[{"href":"https:\/\/www.comunicatur.info\/es\/wp-json\/wp\/v2\/media?parent=26192"}],"wp:term":[{"taxonomy":"category","embeddable":true,"href":"https:\/\/www.comunicatur.info\/es\/wp-json\/wp\/v2\/categories?post=26192"},{"taxonomy":"post_tag","embeddable":true,"href":"https:\/\/www.comunicatur.info\/es\/wp-json\/wp\/v2\/tags?post=26192"}],"curies":[{"name":"wp","href":"https:\/\/api.w.org\/{rel}","templated":true}]}}