{"id":26106,"date":"2024-11-19T00:00:43","date_gmt":"2024-11-18T22:00:43","guid":{"rendered":"https:\/\/www.comunicatur.info\/?p=26106"},"modified":"2024-11-18T19:26:28","modified_gmt":"2024-11-18T17:26:28","slug":"historica-cumbre-del-g7-con-el-turismo-como-epicentro","status":"publish","type":"post","link":"https:\/\/www.comunicatur.info\/es\/historica-cumbre-del-g7-con-el-turismo-como-epicentro\/","title":{"rendered":"Hist\u00f3rica cumbre del G7 con el turismo como epicentro"},"content":{"rendered":"<p>Por primera vez en la historia, los <a href=\"https:\/\/www.g7italy.it\/en\/documents\/\" target=\"_blank\" rel=\"noopener\"><strong>ministros de Turismo del G7<\/strong> <\/a>se reunieron en <strong>Florencia<\/strong>, del 13 al 17 de noviembre, destacando la relevancia del sector como <strong>motor de crecimiento sostenible y desarrollo social<\/strong>.<\/p>\n<p>El encuentro culmin\u00f3 con un <strong>documento<\/strong> que aboga por un turismo <strong>\u00abbien gestionado y equilibrado\u00bb<\/strong>, centrado en las <strong>personas<\/strong> y apoyado en avances tecnol\u00f3gicos como la <strong>digitalizaci\u00f3n<\/strong> y la <strong>inteligencia artificial<\/strong>. Los compromisos incluyen <strong>maximizar los beneficios del turismo<\/strong>, <strong>mitigar su impacto en comunidades locales y el medio ambiente<\/strong>, y avanzar hacia los <strong>Objetivos de Desarrollo Sostenible de la Agenda 2030<\/strong>.<\/p>\n<p><strong>Compromisos globales para un turismo inclusivo<\/strong><br \/>\n<img class=\"size-medium wp-image-26102 alignright\" src=\"https:\/\/www.comunicatur.info\/wp-content\/uploads\/2024\/11\/G7_2024_Florencia-300x200.jpg\" alt=\"\" width=\"300\" height=\"200\" srcset=\"https:\/\/www.comunicatur.info\/wp-content\/uploads\/2024\/11\/G7_2024_Florencia-300x200.jpg 300w, https:\/\/www.comunicatur.info\/wp-content\/uploads\/2024\/11\/G7_2024_Florencia-1024x684.jpg 1024w, https:\/\/www.comunicatur.info\/wp-content\/uploads\/2024\/11\/G7_2024_Florencia-768x513.jpg 768w, https:\/\/www.comunicatur.info\/wp-content\/uploads\/2024\/11\/G7_2024_Florencia-600x401.jpg 600w, https:\/\/www.comunicatur.info\/wp-content\/uploads\/2024\/11\/G7_2024_Florencia.jpg 1280w\" sizes=\"(max-width: 300px) 100vw, 300px\" \/>Los ministros acordaron priorizar estrategias que fomenten la <strong>sostenibilidad<\/strong>, la <strong>accesibilidad<\/strong> y la <strong>integraci\u00f3n de pol\u00edticas clim\u00e1ticas<\/strong> en el desarrollo tur\u00edstico. Adem\u00e1s, destacaron la importancia de una <strong>gobernanza eficaz<\/strong> para gestionar el turismo de forma responsable y garantizar su impacto positivo.<\/p>\n<p><strong>Un logro destacado para Italia<\/strong><br \/>\nLa ministra italiana de Turismo, <strong>Daniela Santanch\u00e8<\/strong>, calific\u00f3 el evento como un <strong>triunfo para Italia<\/strong>, subrayando el turismo como <strong>promotor de paz y cohesi\u00f3n social<\/strong>. <strong>Florencia<\/strong> se erige as\u00ed como s\u00edmbolo de <strong>cooperaci\u00f3n internacional<\/strong>, marcando un antes y un despu\u00e9s en la visi\u00f3n global del turismo.<\/p>\n<p>Los <strong>documentos finales<\/strong>, incluyendo el <strong>Communiqu\u00e9<\/strong> y el <a href=\"https:\/\/www.g7italy.it\/en\/documents\/\" target=\"_blank\" rel=\"noopener\"><strong>Policy Paper del G7\/OECD<\/strong><\/a>, est\u00e1n disponibles en el <strong>portal del Ministerio de Turismo italiano<\/strong>.<\/p>\n","protected":false},"excerpt":{"rendered":"<p>Por primera vez en la historia, los ministros de Turismo del G7 se reunieron en Florencia, del 13 al 17 de noviembre, destacando la relevancia del sector como motor de crecimiento sostenible y desarrollo social. El encuentro culmin\u00f3 con un documento que aboga por un turismo \u00abbien gestionado y equilibrado\u00bb, centrado en las personas y &hellip;<\/p>\n","protected":false},"author":408,"featured_media":26100,"comment_status":"closed","ping_status":"open","sticky":false,"template":"","format":"standard","meta":[],"categories":[63],"tags":[],"_links":{"self":[{"href":"https:\/\/www.comunicatur.info\/es\/wp-json\/wp\/v2\/posts\/26106"}],"collection":[{"href":"https:\/\/www.comunicatur.info\/es\/wp-json\/wp\/v2\/posts"}],"about":[{"href":"https:\/\/www.comunicatur.info\/es\/wp-json\/wp\/v2\/types\/post"}],"author":[{"embeddable":true,"href":"https:\/\/www.comunicatur.info\/es\/wp-json\/wp\/v2\/users\/408"}],"replies":[{"embeddable":true,"href":"https:\/\/www.comunicatur.info\/es\/wp-json\/wp\/v2\/comments?post=26106"}],"version-history":[{"count":2,"href":"https:\/\/www.comunicatur.info\/es\/wp-json\/wp\/v2\/posts\/26106\/revisions"}],"predecessor-version":[{"id":26108,"href":"https:\/\/www.comunicatur.info\/es\/wp-json\/wp\/v2\/posts\/26106\/revisions\/26108"}],"wp:featuredmedia":[{"embeddable":true,"href":"https:\/\/www.comunicatur.info\/es\/wp-json\/wp\/v2\/media\/26100"}],"wp:attachment":[{"href":"https:\/\/www.comunicatur.info\/es\/wp-json\/wp\/v2\/media?parent=26106"}],"wp:term":[{"taxonomy":"category","embeddable":true,"href":"https:\/\/www.comunicatur.info\/es\/wp-json\/wp\/v2\/categories?post=26106"},{"taxonomy":"post_tag","embeddable":true,"href":"https:\/\/www.comunicatur.info\/es\/wp-json\/wp\/v2\/tags?post=26106"}],"curies":[{"name":"wp","href":"https:\/\/api.w.org\/{rel}","templated":true}]}}