{"id":26093,"date":"2024-11-18T00:00:42","date_gmt":"2024-11-17T22:00:42","guid":{"rendered":"https:\/\/www.comunicatur.info\/?p=26093"},"modified":"2024-11-17T22:17:56","modified_gmt":"2024-11-17T20:17:56","slug":"espana-lidera-el-turismo-asiatico","status":"publish","type":"post","link":"https:\/\/www.comunicatur.info\/es\/espana-lidera-el-turismo-asiatico\/","title":{"rendered":"Espa\u00f1a lidera el turismo asi\u00e1tico"},"content":{"rendered":"<p>La recuperaci\u00f3n del turismo <a href=\"https:\/\/www.travelchinaguide.com\/\" target=\"_blank\" rel=\"noopener\">chino<\/a> y <a href=\"https:\/\/www.japan.travel\/\" target=\"_blank\" rel=\"noopener\">japon\u00e9s<\/a> en Espa\u00f1a avanza a un ritmo notable, impulsando el optimismo en el sector tur\u00edstico nacional de cara al invierno 2024-2025. Seg\u00fan <a href=\"https:\/\/www.tourspain.es\/\" target=\"_blank\" rel=\"noopener\">Turespa\u00f1a<\/a>, <strong>el mercado chino ha alcanzado un <\/strong><em><strong>97%<\/strong><\/em><strong> de los niveles de 2019<\/strong>, superando a otros destinos europeos cuya recuperaci\u00f3n oscila entre el <em>50% y el 80%<\/em>. Adem\u00e1s, <strong>el gasto medio de estos turistas ha aumentado un <\/strong><em><strong>25%<\/strong><\/em><strong>, situ\u00e1ndose en <\/strong><em><strong>3.123 euros<\/strong><\/em><strong> por persona<\/strong>, con un gasto diario de <strong>410 euros<\/strong> tras reducir la estancia media de 10 a <strong>7.5 d\u00edas<\/strong>.<\/p>\n<p>La conectividad tambi\u00e9n ha mejorado significativamente, ya que <strong>la capacidad a\u00e9rea entre Espa\u00f1a y China ha crecido un <\/strong><em><strong>38%<\/strong><\/em><strong> en comparaci\u00f3n con 2019<\/strong>, facilitando el flujo de visitantes y consolidando a Espa\u00f1a frente a otros competidores europeos. El mercado japon\u00e9s, en tanto, muestra una recuperaci\u00f3n del <strong>62% respecto a 2019<\/strong>, destacando la reactivaci\u00f3n del vuelo directo <a href=\"https:\/\/www.iberia.com\/\" target=\"_blank\" rel=\"noopener\">Madrid-Tokio de Iberia<\/a> como un avance clave para la temporada invernal.<\/p>\n<p>Adem\u00e1s de la afluencia y el gasto, la diversificaci\u00f3n de los perfiles de visitantes asi\u00e1ticos impulsa la desestacionalizaci\u00f3n del turismo, beneficiando a destinos menos frecuentados durante el invierno. En este contexto, Espa\u00f1a busca consolidarse como un <a href=\"https:\/\/www.luxuryspain.es\/\" target=\"_blank\" rel=\"noopener\">destino de alta gama<\/a> para el turista asi\u00e1tico, mientras enfrenta desaf\u00edos econ\u00f3micos en <a href=\"https:\/\/www.caixinglobal.com\/\" target=\"_blank\" rel=\"noopener\">China<\/a>, como el estancamiento deflacionario y el alto desempleo juvenil, que han llevado al gobierno chino a implementar est\u00edmulos para potenciar el consumo interno.<\/p>\n<p><strong>Estados Unidos y Europa: otros mercados en auge<\/strong><\/p>\n<p>El mercado <a href=\"https:\/\/www.ustravel.org\/\" target=\"_blank\" rel=\"noopener\">estadounidense<\/a> ha alcanzado cifras r\u00e9cord en volumen y gasto en 2024, y se espera un mayor crecimiento con la pr\u00f3xima inauguraci\u00f3n de la ruta <a href=\"https:\/\/www.flybilbao.com\/\" target=\"_blank\" rel=\"noopener\">Nueva York-Bilbao<\/a> en 2025. Adem\u00e1s, para la temporada de invierno, <a href=\"https:\/\/www.visitbritain.com\/\" target=\"_blank\" rel=\"noopener\">brit\u00e1nicos<\/a>, <a href=\"https:\/\/www.germany.travel\/\" target=\"_blank\" rel=\"noopener\">alemanes<\/a>, <a href=\"https:\/\/www.france.fr\/\" target=\"_blank\" rel=\"noopener\">franceses<\/a> e <a href=\"https:\/\/www.italia.it\/\" target=\"_blank\" rel=\"noopener\">italianos<\/a> contin\u00faan eligiendo a Espa\u00f1a como su primer destino internacional, contribuyendo al dinamismo del turismo espa\u00f1ol con un aumento del <strong>7.6% en capacidad a\u00e9rea respecto al invierno anterior<\/strong>.<\/p>\n<p>Pese a los desaf\u00edos econ\u00f3micos en China, Espa\u00f1a mantiene su posici\u00f3n privilegiada en el <a href=\"https:\/\/www.tourspain.es\/\" target=\"_blank\" rel=\"noopener\">mercado tur\u00edstico asi\u00e1tico<\/a> y anticipa un invierno exitoso en cuanto a gasto y diversificaci\u00f3n del turismo chino y japon\u00e9s, consolid\u00e1ndose como un <a href=\"https:\/\/www.tourspain.es\/\" target=\"_blank\" rel=\"noopener\">destino atractivo y competitivo<\/a>.<\/p>\n","protected":false},"excerpt":{"rendered":"<p>La recuperaci\u00f3n del turismo chino y japon\u00e9s en Espa\u00f1a avanza a un ritmo notable, impulsando el optimismo en el sector tur\u00edstico nacional de cara al invierno 2024-2025. Seg\u00fan Turespa\u00f1a, el mercado chino ha alcanzado un 97% de los niveles de 2019, superando a otros destinos europeos cuya recuperaci\u00f3n oscila entre el 50% y el 80%. &hellip;<\/p>\n","protected":false},"author":408,"featured_media":26090,"comment_status":"closed","ping_status":"open","sticky":false,"template":"","format":"standard","meta":[],"categories":[64],"tags":[],"_links":{"self":[{"href":"https:\/\/www.comunicatur.info\/es\/wp-json\/wp\/v2\/posts\/26093"}],"collection":[{"href":"https:\/\/www.comunicatur.info\/es\/wp-json\/wp\/v2\/posts"}],"about":[{"href":"https:\/\/www.comunicatur.info\/es\/wp-json\/wp\/v2\/types\/post"}],"author":[{"embeddable":true,"href":"https:\/\/www.comunicatur.info\/es\/wp-json\/wp\/v2\/users\/408"}],"replies":[{"embeddable":true,"href":"https:\/\/www.comunicatur.info\/es\/wp-json\/wp\/v2\/comments?post=26093"}],"version-history":[{"count":3,"href":"https:\/\/www.comunicatur.info\/es\/wp-json\/wp\/v2\/posts\/26093\/revisions"}],"predecessor-version":[{"id":26096,"href":"https:\/\/www.comunicatur.info\/es\/wp-json\/wp\/v2\/posts\/26093\/revisions\/26096"}],"wp:featuredmedia":[{"embeddable":true,"href":"https:\/\/www.comunicatur.info\/es\/wp-json\/wp\/v2\/media\/26090"}],"wp:attachment":[{"href":"https:\/\/www.comunicatur.info\/es\/wp-json\/wp\/v2\/media?parent=26093"}],"wp:term":[{"taxonomy":"category","embeddable":true,"href":"https:\/\/www.comunicatur.info\/es\/wp-json\/wp\/v2\/categories?post=26093"},{"taxonomy":"post_tag","embeddable":true,"href":"https:\/\/www.comunicatur.info\/es\/wp-json\/wp\/v2\/tags?post=26093"}],"curies":[{"name":"wp","href":"https:\/\/api.w.org\/{rel}","templated":true}]}}