{"id":26060,"date":"2024-11-13T00:00:13","date_gmt":"2024-11-12T22:00:13","guid":{"rendered":"https:\/\/www.comunicatur.info\/?p=26060"},"modified":"2024-11-12T19:34:38","modified_gmt":"2024-11-12T17:34:38","slug":"ponen-a-16-campings-catalanes-a-los-pies-de-los-caballos-por-el-riesgo-de-inundacion","status":"publish","type":"post","link":"https:\/\/www.comunicatur.info\/es\/ponen-a-16-campings-catalanes-a-los-pies-de-los-caballos-por-el-riesgo-de-inundacion\/","title":{"rendered":"Ponen a 16 campings catalanes a los pies de los caballos por el riesgo de inundaci\u00f3n"},"content":{"rendered":"<p>La Agencia Catalana del Agua (ACA) tiene identificados una cuarentena de campings que se encuentran en zonas inundables. En la zona de los Pirineos de Lleida y en la desembocadura del r\u00edo Tordera, entre los municipios de Blanes y Malgrat de Mar, se encuentran los puntos de mayor riesgo.<\/p>\n<p>En este sentido, el <strong>presidente de la Generalitat<\/strong>, <a href=\"https:\/\/www.gencat.cat\/\" target=\"_blank\" rel=\"noopener\">Salvador Illa<\/a>, ha expresado su <strong>preocupaci\u00f3n<\/strong> por la <strong>seguridad de determinadas instalaciones tur\u00edsticas<\/strong> situadas en <strong>zonas inundables<\/strong> en <strong>Catalu\u00f1a<\/strong>. En concreto, <strong>16 campings<\/strong>, situados principalmente en el <a href=\"https:\/\/ca.wikipedia.org\/wiki\/Alt_Pirineu\" target=\"_blank\" rel=\"noopener\">Alt Pirineu<\/a> y algunas zonas del litoral, han sido identificados como <strong>puntos de riesgo<\/strong>. Esto representa el <strong>4% del total de campings en Catalu\u00f1a<\/strong>. Seg\u00fan Illa, en caso de situaciones de <strong>alerta por inundaciones<\/strong>, estas \u00e1reas pueden <strong>poner en peligro la seguridad de las personas<\/strong>.<\/p>\n<h4><strong>Actuaci\u00f3n con determinaci\u00f3n<\/strong><\/h4>\n<p>Despu\u00e9s de las <strong>devastadoras inundaciones causadas por la DANA<\/strong> en la Comunidad Valenciana, el <strong>Gobierno catal\u00e1n<\/strong> dice que no ser\u00eda comprensible no tomar medidas para la <strong>seguridad de las personas<\/strong> y est\u00e1 acelerando los <strong>trabajos para actualizar los mapas de riesgo de zonas inundables de Catalu\u00f1a<\/strong>. Tras la sesi\u00f3n de Gobierno de los martes, la <strong>consejera de Territorio<\/strong>, <a href=\"https:\/\/ca.wikipedia.org\/wiki\/S%C3%ADlvia_Paneque\" target=\"_blank\" rel=\"noopener\">S\u00edlvia Paneque<\/a>, ha insistido en la necesidad de <strong>aplicar medidas \u201cquir\u00fargicas\u201d<\/strong> para <strong>minimizar los riesgos<\/strong> en estos campings y ha afirmado que el ejecutivo actuar\u00e1 <strong>\u00abcon determinaci\u00f3n\u00bb<\/strong> cuando las <strong>protecciones<\/strong> no sean posibles o los <strong>servicios de emergencia<\/strong> no puedan acceder en caso de <strong>evacuaci\u00f3n<\/strong>.<\/p>\n<h4><strong>\u201cAlarma innecesaria\u201d, dice el sector<\/strong><\/h4>\n<p><img class=\" wp-image-26058 alignright\" src=\"https:\/\/www.comunicatur.info\/wp-content\/uploads\/2024\/11\/camping_riu_llac_natura-300x200.jpg\" alt=\"\" width=\"413\" height=\"275\" srcset=\"https:\/\/www.comunicatur.info\/wp-content\/uploads\/2024\/11\/camping_riu_llac_natura-300x200.jpg 300w, https:\/\/www.comunicatur.info\/wp-content\/uploads\/2024\/11\/camping_riu_llac_natura-1024x682.jpg 1024w, https:\/\/www.comunicatur.info\/wp-content\/uploads\/2024\/11\/camping_riu_llac_natura-768x512.jpg 768w, https:\/\/www.comunicatur.info\/wp-content\/uploads\/2024\/11\/camping_riu_llac_natura-600x400.jpg 600w, https:\/\/www.comunicatur.info\/wp-content\/uploads\/2024\/11\/camping_riu_llac_natura.jpg 1280w\" sizes=\"(max-width: 413px) 100vw, 413px\" \/>La <a href=\"https:\/\/www.campingscat.cat\/\" target=\"_blank\" rel=\"noopener\"><strong>Federaci\u00f3n Catalana de Campings<\/strong><\/a> ha defendido el <strong>compromiso del sector<\/strong> de los campings por la <strong>seguridad de sus clientes<\/strong> y ha lamentado la <strong>\u201cligereza\u201d<\/strong> con la que se est\u00e1 tratando el <strong>riesgo de inundaciones en los campings<\/strong>, criticando la <strong>\u201calarma innecesaria\u201d<\/strong> generada por la Generalitat. La federaci\u00f3n ha recordado que el sector lleva desde <strong>2015 en conversaciones con la administraci\u00f3n<\/strong> para mejorar la <strong>gesti\u00f3n y compatibilidad de los usos de las zonas inundables<\/strong> donde se encuentran algunos campings.<\/p>\n<p>El presidente de la entidad, <strong>Miquel Gotanegra<\/strong>, pide que se actualicen los mapas de riesgos de la ACA porque algunas de <strong>las informaciones est\u00e1n desfasadas y magnifican el problema<\/strong> cuando la realidad es de <strong><em>\u00abriesgo leve\u00bb<\/em><\/strong> ha puesto como ejemplo de desde actualizaci\u00f3n. el hecho de que la Generalitat tenga identificados campings que ya est\u00e1n cerrados, u otros que han realizado <strong>modificaciones que no est\u00e1n recogidas en sus informes<\/strong>.<\/p>\n<p>En este sentido, el sector tambi\u00e9n ha destacado que, a pesar de que en <strong>2018 se redact\u00f3 una instrucci\u00f3n t\u00e9cnica<\/strong> para la elaboraci\u00f3n de <strong>planes de autoprotecci\u00f3n<\/strong>, no se ha logrado <strong>homologar ning\u00fan plan para los campings<\/strong> situados en zonas inundables. Seg\u00fan la federaci\u00f3n, la <strong>problem\u00e1tica de las inundaciones<\/strong> afecta diversas <strong>zonas urbanas muy pobladas<\/strong>, y critican que se enfoque solo en el <strong>sector del camping<\/strong>.<\/p>\n<p>El <strong>Gobierno<\/strong> ya ha mantenido contacto con la <strong>Federaci\u00f3n Catalana de Campings<\/strong> para discutir posibles <strong>soluciones<\/strong>, como la <strong>reubicaci\u00f3n o compensaci\u00f3n de las instalaciones afectadas<\/strong>, asegurando que se respetar\u00e1 la <strong>\u201cm\u00e1xima seguridad jur\u00eddica\u201d<\/strong>.<\/p>\n<blockquote class=\"wp-embedded-content\" data-secret=\"v7ZMMNyJrY\"><p><a href=\"https:\/\/www.comunicatur.info\/es\/los-campings-catalanes-en-peligro-al-estar-situados-en-zonas-inundables\/\">Los campings catalanes en peligro al estar situados en zonas inundables<\/a><\/p><\/blockquote>\n<p><iframe class=\"wp-embedded-content\" sandbox=\"allow-scripts\" security=\"restricted\" style=\"position: absolute; clip: rect(1px, 1px, 1px, 1px);\" title=\"&#8220;Los campings catalanes en peligro al estar situados en zonas inundables&#8221; &#8212; Comunicatur\" src=\"https:\/\/www.comunicatur.info\/es\/los-campings-catalanes-en-peligro-al-estar-situados-en-zonas-inundables\/embed\/#?secret=Biyn9WHZPt#?secret=v7ZMMNyJrY\" data-secret=\"v7ZMMNyJrY\" width=\"500\" height=\"282\" frameborder=\"0\" marginwidth=\"0\" marginheight=\"0\" scrolling=\"no\"><\/iframe><\/p>\n","protected":false},"excerpt":{"rendered":"<p>La Agencia Catalana del Agua (ACA) tiene identificados una cuarentena de campings que se encuentran en zonas inundables. En la zona de los Pirineos de Lleida y en la desembocadura del r\u00edo Tordera, entre los municipios de Blanes y Malgrat de Mar, se encuentran los puntos de mayor riesgo. En este sentido, el presidente de &hellip;<\/p>\n","protected":false},"author":408,"featured_media":26051,"comment_status":"closed","ping_status":"open","sticky":false,"template":"","format":"standard","meta":[],"categories":[59],"tags":[],"_links":{"self":[{"href":"https:\/\/www.comunicatur.info\/es\/wp-json\/wp\/v2\/posts\/26060"}],"collection":[{"href":"https:\/\/www.comunicatur.info\/es\/wp-json\/wp\/v2\/posts"}],"about":[{"href":"https:\/\/www.comunicatur.info\/es\/wp-json\/wp\/v2\/types\/post"}],"author":[{"embeddable":true,"href":"https:\/\/www.comunicatur.info\/es\/wp-json\/wp\/v2\/users\/408"}],"replies":[{"embeddable":true,"href":"https:\/\/www.comunicatur.info\/es\/wp-json\/wp\/v2\/comments?post=26060"}],"version-history":[{"count":3,"href":"https:\/\/www.comunicatur.info\/es\/wp-json\/wp\/v2\/posts\/26060\/revisions"}],"predecessor-version":[{"id":26064,"href":"https:\/\/www.comunicatur.info\/es\/wp-json\/wp\/v2\/posts\/26060\/revisions\/26064"}],"wp:featuredmedia":[{"embeddable":true,"href":"https:\/\/www.comunicatur.info\/es\/wp-json\/wp\/v2\/media\/26051"}],"wp:attachment":[{"href":"https:\/\/www.comunicatur.info\/es\/wp-json\/wp\/v2\/media?parent=26060"}],"wp:term":[{"taxonomy":"category","embeddable":true,"href":"https:\/\/www.comunicatur.info\/es\/wp-json\/wp\/v2\/categories?post=26060"},{"taxonomy":"post_tag","embeddable":true,"href":"https:\/\/www.comunicatur.info\/es\/wp-json\/wp\/v2\/tags?post=26060"}],"curies":[{"name":"wp","href":"https:\/\/api.w.org\/{rel}","templated":true}]}}