{"id":26036,"date":"2024-11-11T00:00:52","date_gmt":"2024-11-10T22:00:52","guid":{"rendered":"https:\/\/www.comunicatur.info\/?p=26036"},"modified":"2024-11-09T20:01:32","modified_gmt":"2024-11-09T18:01:32","slug":"la-confecat-y-la-federacion-de-hosteleria-de-girona-rechazan-el-incremento-del-impuesto-turistico-en-cataluna","status":"publish","type":"post","link":"https:\/\/www.comunicatur.info\/es\/la-confecat-y-la-federacion-de-hosteleria-de-girona-rechazan-el-incremento-del-impuesto-turistico-en-cataluna\/","title":{"rendered":"La ConfeCat y la Federaci\u00f3n de Hosteler\u00eda de Girona rechazan el incremento del impuesto tur\u00edstico en Catalu\u00f1a"},"content":{"rendered":"<p>La <strong><a href=\"https:\/\/www.confecat.cat\/\" target=\"_blank\" rel=\"noopener\">Confederaci\u00f3n Empresarial de Hosteler\u00eda y Restauraci\u00f3n de Catalu\u00f1a (ConfeCat)<\/a><\/strong> y la <strong><a href=\"https:\/\/www.gironahostaleria.com\/\" target=\"_blank\" rel=\"noopener\">Federaci\u00f3n de Hosteler\u00eda y Turismo de las Comarcas de Girona<\/a><\/strong> manifiestan su <strong>oposici\u00f3n frontal<\/strong> a la propuesta de <strong>aumento del impuesto tur\u00edstico<\/strong> por parte del Gobierno de la Generalitat de Catalu\u00f1a. Ante las recientes declaraciones del presidente de la Generalitat, <strong><a href=\"https:\/\/ca.wikipedia.org\/wiki\/Salvador_Illa\" target=\"_blank\" rel=\"noopener\">Salvador Illa<\/a><\/strong>, mostrando su disposici\u00f3n a un incremento de esta tasa, el presidente de la ConfeCat, <strong>Santiago Garc\u00eda-Nieto<\/strong>, ha sido tajante: <em>\u00ab<strong>No estamos dispuestos a aceptar un nuevo incremento del impuesto tur\u00edstico en Catalu\u00f1a<\/strong>.\u00bb<\/em><\/p>\n<p>Desde la ConfeCat, se denuncia que <strong>el incremento continuo de la presi\u00f3n fiscal sobre el sector pone en peligro la competitividad de la industria tur\u00edstica catalana<\/strong>, un sector clave para la econom\u00eda catalana. Garc\u00eda-Nieto ha destacado que <strong>Catalu\u00f1a es la \u00fanica comunidad aut\u00f3noma que aplica este impuesto<\/strong>, lo cual considera una <em>\u00ab<strong>situaci\u00f3n insostenible de asfixia fiscal<\/strong>\u00ab<\/em> que podr\u00eda <strong>perjudicar gravemente el tejido empresarial clave para el desarrollo econ\u00f3mico, social y laboral<\/strong> de Catalu\u00f1a.<\/p>\n<p>Por su parte, la <strong><a href=\"https:\/\/www.gironahostaleria.com\/\" target=\"_blank\" rel=\"noopener\">Federaci\u00f3n de Hosteler\u00eda y Turismo de las Comarcas de Girona<\/a><\/strong>, que representa a trece asociaciones y m\u00e1s de 1.700 empresas federadas, se ha sumado a la postura de la ConfeCat, calificando la medida de \u00ab<strong><em>inaceptable<\/em><\/strong><em>.\u00bb<\/em> Representando a m\u00e1s de 7.500 establecimientos tur\u00edsticos y de restauraci\u00f3n, la Federaci\u00f3n alerta que <strong>este aumento amenaza el futuro de un sector<\/strong> que permite que Catalu\u00f1a siga siendo un <a href=\"https:\/\/www.catalunya.com\/\" target=\"_blank\" rel=\"noopener\"><strong>destino atractivo a nivel internacional<\/strong><\/a>, <strong>creando empleo y manteniendo una oferta competitiva de calidad<\/strong>.<\/p>\n<p>Finalmente, tanto la <strong>ConfeCat<\/strong> como la <strong>Federaci\u00f3n de Girona<\/strong> reclaman <em>\u00ab<strong>respeto para un sector que asume riesgos de inversi\u00f3n y genera un <a href=\"https:\/\/www.catalunya.com\/\" target=\"_blank\" rel=\"noopener\">ecosistema tur\u00edstico de calidad<\/a><\/strong>\u00ab.<\/em><\/p>\n<blockquote class=\"wp-embedded-content\" data-secret=\"y1lOoJU1Ov\"><p><a href=\"https:\/\/www.comunicatur.info\/es\/cataluna-dispuesta-a-duplicar-la-tasa-turistica\/\">Catalu\u00f1a dispuesta a duplicar la tasa tur\u00edstica<\/a><\/p><\/blockquote>\n<p><iframe class=\"wp-embedded-content\" sandbox=\"allow-scripts\" security=\"restricted\" style=\"position: absolute; clip: rect(1px, 1px, 1px, 1px);\" title=\"&#8220;Catalu\u00f1a dispuesta a duplicar la tasa tur\u00edstica&#8221; &#8212; Comunicatur\" src=\"https:\/\/www.comunicatur.info\/es\/cataluna-dispuesta-a-duplicar-la-tasa-turistica\/embed\/#?secret=R3xGTJ8PJH#?secret=y1lOoJU1Ov\" data-secret=\"y1lOoJU1Ov\" width=\"500\" height=\"282\" frameborder=\"0\" marginwidth=\"0\" marginheight=\"0\" scrolling=\"no\"><\/iframe><\/p>\n<blockquote class=\"wp-embedded-content\" data-secret=\"Oyd81EzTGr\"><p><a href=\"https:\/\/www.comunicatur.info\/es\/atencion-las-nuevas-tarifas-de-la-tasa-turistica-catalana\/\">Atenci\u00f3n a las nuevas tarifas de la tasa tur\u00edstica catalana<\/a><\/p><\/blockquote>\n<p><iframe class=\"wp-embedded-content\" sandbox=\"allow-scripts\" security=\"restricted\" style=\"position: absolute; clip: rect(1px, 1px, 1px, 1px);\" title=\"&#8220;Atenci\u00f3n a las nuevas tarifas de la tasa tur\u00edstica catalana&#8221; &#8212; Comunicatur\" src=\"https:\/\/www.comunicatur.info\/es\/atencion-las-nuevas-tarifas-de-la-tasa-turistica-catalana\/embed\/#?secret=teIttC92Zg#?secret=Oyd81EzTGr\" data-secret=\"Oyd81EzTGr\" width=\"500\" height=\"282\" frameborder=\"0\" marginwidth=\"0\" marginheight=\"0\" scrolling=\"no\"><\/iframe><\/p>\n<blockquote class=\"wp-embedded-content\" data-secret=\"qGRFqwIMv3\"><p><a href=\"https:\/\/www.comunicatur.info\/es\/el-aumento-de-tasa-turistica-catalana-no-se-aplicara-hasta-enero-2021\/\">El aumento de la tasa tur\u00edstica catalana no se aplicar\u00e1 hasta enero 2021<\/a><\/p><\/blockquote>\n<p><iframe class=\"wp-embedded-content\" sandbox=\"allow-scripts\" security=\"restricted\" style=\"position: absolute; clip: rect(1px, 1px, 1px, 1px);\" title=\"&#8220;El aumento de la tasa tur\u00edstica catalana no se aplicar\u00e1 hasta enero 2021&#8221; &#8212; Comunicatur\" src=\"https:\/\/www.comunicatur.info\/es\/el-aumento-de-tasa-turistica-catalana-no-se-aplicara-hasta-enero-2021\/embed\/#?secret=uU7F3N9f3G#?secret=qGRFqwIMv3\" data-secret=\"qGRFqwIMv3\" width=\"500\" height=\"282\" frameborder=\"0\" marginwidth=\"0\" marginheight=\"0\" scrolling=\"no\"><\/iframe><\/p>\n<blockquote class=\"wp-embedded-content\" data-secret=\"wd6jU65Ue0\"><p><a href=\"https:\/\/www.comunicatur.info\/es\/nueva-moratoria-para-el-aumento-de-la-de-tasa-turistica-catalana\/\">Nueva moratoria para el aumento de la de tasa tur\u00edstica catalana<\/a><\/p><\/blockquote>\n<p><iframe class=\"wp-embedded-content\" sandbox=\"allow-scripts\" security=\"restricted\" style=\"position: absolute; clip: rect(1px, 1px, 1px, 1px);\" title=\"&#8220;Nueva moratoria para el aumento de la de tasa tur\u00edstica catalana&#8221; &#8212; Comunicatur\" src=\"https:\/\/www.comunicatur.info\/es\/nueva-moratoria-para-el-aumento-de-la-de-tasa-turistica-catalana\/embed\/#?secret=IaQGqeds50#?secret=wd6jU65Ue0\" data-secret=\"wd6jU65Ue0\" width=\"500\" height=\"282\" frameborder=\"0\" marginwidth=\"0\" marginheight=\"0\" scrolling=\"no\"><\/iframe><\/p>\n<blockquote class=\"wp-embedded-content\" data-secret=\"D5hbdnukrr\"><p><a href=\"https:\/\/www.comunicatur.info\/es\/la-recaudacion-anual-de-la-tasa-turistica-bate-un-nuevo-record\/\">La recaudaci\u00f3n anual de la tasa tur\u00edstica bate un nuevo r\u00e9cord<\/a><\/p><\/blockquote>\n<p><iframe class=\"wp-embedded-content\" sandbox=\"allow-scripts\" security=\"restricted\" style=\"position: absolute; clip: rect(1px, 1px, 1px, 1px);\" title=\"&#8220;La recaudaci\u00f3n anual de la tasa tur\u00edstica bate un nuevo r\u00e9cord&#8221; &#8212; Comunicatur\" src=\"https:\/\/www.comunicatur.info\/es\/la-recaudacion-anual-de-la-tasa-turistica-bate-un-nuevo-record\/embed\/#?secret=lpVbfTILKU#?secret=D5hbdnukrr\" data-secret=\"D5hbdnukrr\" width=\"500\" height=\"282\" frameborder=\"0\" marginwidth=\"0\" marginheight=\"0\" scrolling=\"no\"><\/iframe><\/p>\n<p>&nbsp;<\/p>\n","protected":false},"excerpt":{"rendered":"<p>La Confederaci\u00f3n Empresarial de Hosteler\u00eda y Restauraci\u00f3n de Catalu\u00f1a (ConfeCat) y la Federaci\u00f3n de Hosteler\u00eda y Turismo de las Comarcas de Girona manifiestan su oposici\u00f3n frontal a la propuesta de aumento del impuesto tur\u00edstico por parte del Gobierno de la Generalitat de Catalu\u00f1a. Ante las recientes declaraciones del presidente de la Generalitat, Salvador Illa, mostrando &hellip;<\/p>\n","protected":false},"author":408,"featured_media":26033,"comment_status":"closed","ping_status":"open","sticky":false,"template":"","format":"standard","meta":[],"categories":[61],"tags":[],"_links":{"self":[{"href":"https:\/\/www.comunicatur.info\/es\/wp-json\/wp\/v2\/posts\/26036"}],"collection":[{"href":"https:\/\/www.comunicatur.info\/es\/wp-json\/wp\/v2\/posts"}],"about":[{"href":"https:\/\/www.comunicatur.info\/es\/wp-json\/wp\/v2\/types\/post"}],"author":[{"embeddable":true,"href":"https:\/\/www.comunicatur.info\/es\/wp-json\/wp\/v2\/users\/408"}],"replies":[{"embeddable":true,"href":"https:\/\/www.comunicatur.info\/es\/wp-json\/wp\/v2\/comments?post=26036"}],"version-history":[{"count":1,"href":"https:\/\/www.comunicatur.info\/es\/wp-json\/wp\/v2\/posts\/26036\/revisions"}],"predecessor-version":[{"id":26047,"href":"https:\/\/www.comunicatur.info\/es\/wp-json\/wp\/v2\/posts\/26036\/revisions\/26047"}],"wp:featuredmedia":[{"embeddable":true,"href":"https:\/\/www.comunicatur.info\/es\/wp-json\/wp\/v2\/media\/26033"}],"wp:attachment":[{"href":"https:\/\/www.comunicatur.info\/es\/wp-json\/wp\/v2\/media?parent=26036"}],"wp:term":[{"taxonomy":"category","embeddable":true,"href":"https:\/\/www.comunicatur.info\/es\/wp-json\/wp\/v2\/categories?post=26036"},{"taxonomy":"post_tag","embeddable":true,"href":"https:\/\/www.comunicatur.info\/es\/wp-json\/wp\/v2\/tags?post=26036"}],"curies":[{"name":"wp","href":"https:\/\/api.w.org\/{rel}","templated":true}]}}