{"id":26002,"date":"2024-11-06T00:00:52","date_gmt":"2024-11-05T22:00:52","guid":{"rendered":"https:\/\/www.comunicatur.info\/?p=26002"},"modified":"2024-11-04T20:51:40","modified_gmt":"2024-11-04T18:51:40","slug":"el-cercle-de-turisme-de-la-diputacion-de-barcelona-marca-las-prioridades-para-el-2025","status":"publish","type":"post","link":"https:\/\/www.comunicatur.info\/es\/el-cercle-de-turisme-de-la-diputacion-de-barcelona-marca-las-prioridades-para-el-2025\/","title":{"rendered":"El Cercle de Turisme de la Diputaci\u00f3n de Barcelona marca las prioridades para el 2025"},"content":{"rendered":"<p>La plataforma de servicios de marketing tur\u00edstico de la Diputaci\u00f3n de Barcelona, que aglutina al sector p\u00fablico y privado de la provincia, bajo el nombre gen\u00e9rico de <strong>Cercle de Turisme<\/strong>, ha celebrado su 13.\u00aa Jornada anual.<br \/>\nComo es tradicional, primero se hizo un balance de las acciones llevadas a cabo durante este a\u00f1o. <strong>La valoraci\u00f3n de los datos de este verano en las comarcas de Barcelona ha sido positiva<\/strong>, porque, aunque se ha experimentado un ligero descenso en cuanto al n\u00famero de turistas respecto al a\u00f1o anterior (-3,5%), los visitantes han estado m\u00e1s d\u00edas (3,95 de media) y han gastado m\u00e1s dinero (741,70 euros), con un aumento de m\u00e1s del 20% respecto al verano anterior.<\/p>\n<p>Para <strong>Juan Antonio P\u00e9rez Garc\u00eda<\/strong>, diputado adjunto de Desarrollo Econ\u00f3mico y Turismo<strong>, \u201cparece que los datos empiezan a estar en sinton\u00eda con el modelo de gesti\u00f3n que estamos defendiendo e impulsando: un turismo de calidad, m\u00e1s sostenible, que promueve el desarrollo econ\u00f3mico, pero tambi\u00e9n el social, de nuestros destinos\u201d.<\/strong><\/p>\n<figure id=\"attachment_25998\" aria-describedby=\"caption-attachment-25998\" style=\"width: 300px\" class=\"wp-caption alignright\"><img class=\"size-medium wp-image-25998\" src=\"https:\/\/www.comunicatur.info\/wp-content\/uploads\/2024\/11\/Juan-Antonio-Perez-Garcia_DIBA-300x200.jpeg\" alt=\"\" width=\"300\" height=\"200\" srcset=\"https:\/\/www.comunicatur.info\/wp-content\/uploads\/2024\/11\/Juan-Antonio-Perez-Garcia_DIBA-300x200.jpeg 300w, https:\/\/www.comunicatur.info\/wp-content\/uploads\/2024\/11\/Juan-Antonio-Perez-Garcia_DIBA-1024x683.jpeg 1024w, https:\/\/www.comunicatur.info\/wp-content\/uploads\/2024\/11\/Juan-Antonio-Perez-Garcia_DIBA-768x512.jpeg 768w, https:\/\/www.comunicatur.info\/wp-content\/uploads\/2024\/11\/Juan-Antonio-Perez-Garcia_DIBA-600x400.jpeg 600w, https:\/\/www.comunicatur.info\/wp-content\/uploads\/2024\/11\/Juan-Antonio-Perez-Garcia_DIBA-1536x1024.jpeg 1536w, https:\/\/www.comunicatur.info\/wp-content\/uploads\/2024\/11\/Juan-Antonio-Perez-Garcia_DIBA-2048x1365.jpeg 2048w\" sizes=\"(max-width: 300px) 100vw, 300px\" \/><figcaption id=\"caption-attachment-25998\" class=\"wp-caption-text\">Juan Antonio P\u00e9rez Garc\u00eda, diputado adjunto de Desarrollo Econ\u00f3mico y Turismo durante su intervenci\u00f3n en la 13\u00aa Jornada del Cercle de Turisme.<br \/>Foto: Sergi Ramos\u00a0\/ Diputaci\u00f3 de Barcelona.<\/figcaption><\/figure>\n<p>El diputado manifest\u00f3 que el turismo seguir\u00e1 creciendo los pr\u00f3ximos a\u00f1os, lo cual obligar\u00e1 a revisar la capacidad de carga de los destinos y la calidad de los servicios, sin olvidar la necesidad de adaptarse al cambio clim\u00e1tico. Por todo esto, <strong>\u201cLa Diputaci\u00f3n de Barcelona trabaja por un destino cohesionado territorialmente y equilibrado econ\u00f3micamente. Las administraciones p\u00fablicas tienen que proporcionar herramientas, recursos, conocimientos y acciones dirigidas a los municipios, pero no lo pueden hacer solas. Tienen que ir de la mano del sector privado\u201d. <\/strong>La nueva directora general de Turismo de la Generalitat de Catalu\u00f1a, <strong>Cristina Lag\u00e9<\/strong>, a\u00f1adi\u00f3 que <strong>\u201cla l\u00ednea que separa la ciudad del territorio se tiene que borrar, y esto la Diputaci\u00f3n de Barcelona lo hace muy bien\u201d.<\/strong><\/p>\n<blockquote><p><em>\u00a1Lo tenemos todo!<\/em> ha sido el lema de la 13.\u00aa Jornada del Cercle de Turisme 2024, que ha presentado una nueva imagen gr\u00e1fica<\/p><\/blockquote>\n<p>En la segunda parte de la jornada, la gerente de Servicios de Turismo de la Diputaci\u00f3n de Barcelona, <strong>Soledad Bravo<\/strong>, y la jefa de la Oficina de Marketing Tur\u00edstico, <strong>Anna Maria S\u00e1nchez<\/strong>, han avanzado las l\u00edneas de trabajo para el 2025. <strong>La idea es seguir apostando por el producto tur\u00edstico sostenible, y por eso los segmentos principales de actuaci\u00f3n ser\u00e1n la enogastronomia, el bienestar, el cicloturismo y el turismo cultural<\/strong> \u2014Rom\u00e1nico, Modernismo y turismo de pantalla\u2014. Todos ellos combinados con un foco hacia el <strong>turismo premium y el turismo de reuniones y congresos.<\/strong> En cuanto a los segmentos de p\u00fablico, la prioridad son los mercados sostenibles que encajan con los recursos del territorio, como por ejemplo los s\u00e9niores, los \u2018singles\u2019 y las familias.<\/p>\n<p>Varias ponencias y acciones de <em>networking<\/em> completaron esta 13.\u00aa Jornada del Cercle de Turisme, que tambi\u00e9n sirvi\u00f3 para reflexionar sobre el futuro de la plataforma, que cuenta ya con m\u00e1s de 400 empresas, entes p\u00fablicos y destinos tur\u00edsticos de toda la provincia de Barcelona.<\/p>\n<p>Si quieres saber qu\u00e9 es exactamente el Cercle de Turisme, las ventaja de formar parte de \u00e9l, las acciones que lleva a cabo o que tipos de empresas forman parte del Cercle de Turisme, puedes clicar <a href=\"https:\/\/www.barcelonaesmoltmes.cat\/cercle-de-turisme\" target=\"_blank\" rel=\"noopener\"><strong>AQU\u00cd.<\/strong><\/a><\/p>\n<p>Si quieres saber c\u00f3mo se ha desarrollado la 13\u00aa Jornada del Cercle, el programa o los v\u00eddeos de las distintas intervenciones, puedes clicar <a href=\"https:\/\/www.barcelonaesmoltmes.cat\/es\/jornada-del-cercle\" target=\"_blank\" rel=\"noopener\"><strong>AQU\u00cd.<\/strong><\/a><\/p>\n<p style=\"text-align: right;\"><em>En colaboraci\u00f3n con la Diputaci\u00f3n de Barcelona<\/em><\/p>\n","protected":false},"excerpt":{"rendered":"<p>La plataforma de servicios de marketing tur\u00edstico de la Diputaci\u00f3n de Barcelona, que aglutina al sector p\u00fablico y privado de la provincia, bajo el nombre gen\u00e9rico de Cercle de Turisme, ha celebrado su 13.\u00aa Jornada anual. Como es tradicional, primero se hizo un balance de las acciones llevadas a cabo durante este a\u00f1o. La valoraci\u00f3n &hellip;<\/p>\n","protected":false},"author":408,"featured_media":26000,"comment_status":"closed","ping_status":"open","sticky":false,"template":"","format":"standard","meta":[],"categories":[62],"tags":[],"_links":{"self":[{"href":"https:\/\/www.comunicatur.info\/es\/wp-json\/wp\/v2\/posts\/26002"}],"collection":[{"href":"https:\/\/www.comunicatur.info\/es\/wp-json\/wp\/v2\/posts"}],"about":[{"href":"https:\/\/www.comunicatur.info\/es\/wp-json\/wp\/v2\/types\/post"}],"author":[{"embeddable":true,"href":"https:\/\/www.comunicatur.info\/es\/wp-json\/wp\/v2\/users\/408"}],"replies":[{"embeddable":true,"href":"https:\/\/www.comunicatur.info\/es\/wp-json\/wp\/v2\/comments?post=26002"}],"version-history":[{"count":2,"href":"https:\/\/www.comunicatur.info\/es\/wp-json\/wp\/v2\/posts\/26002\/revisions"}],"predecessor-version":[{"id":26004,"href":"https:\/\/www.comunicatur.info\/es\/wp-json\/wp\/v2\/posts\/26002\/revisions\/26004"}],"wp:featuredmedia":[{"embeddable":true,"href":"https:\/\/www.comunicatur.info\/es\/wp-json\/wp\/v2\/media\/26000"}],"wp:attachment":[{"href":"https:\/\/www.comunicatur.info\/es\/wp-json\/wp\/v2\/media?parent=26002"}],"wp:term":[{"taxonomy":"category","embeddable":true,"href":"https:\/\/www.comunicatur.info\/es\/wp-json\/wp\/v2\/categories?post=26002"},{"taxonomy":"post_tag","embeddable":true,"href":"https:\/\/www.comunicatur.info\/es\/wp-json\/wp\/v2\/tags?post=26002"}],"curies":[{"name":"wp","href":"https:\/\/api.w.org\/{rel}","templated":true}]}}