{"id":25985,"date":"2024-11-01T00:00:13","date_gmt":"2024-10-31T22:00:13","guid":{"rendered":"https:\/\/www.comunicatur.info\/?p=25985"},"modified":"2024-10-31T11:57:17","modified_gmt":"2024-10-31T09:57:17","slug":"suspendidos-los-viajes-en-tren-de-alta-velocidad-a-valencia-hasta-el-domingo","status":"publish","type":"post","link":"https:\/\/www.comunicatur.info\/es\/suspendidos-los-viajes-en-tren-de-alta-velocidad-a-valencia-hasta-el-domingo\/","title":{"rendered":"Suspendidos los viajes en tren de alta velocidad a Valencia hasta el domingo"},"content":{"rendered":"<p>Adif ha suspendido la circulaci\u00f3n de trenes de alta velocidad y larga distancia entre Madrid y Valencia desde el mi\u00e9rcoles hasta el domingo debido a la cat\u00e1strofe meteorol\u00f3gica que afecta a la Comunidad Valenciana.<\/p>\n<p><strong>Renfe, iryo y Ouigo cancelan sin fecha a la vista<\/strong><\/p>\n<p>Esta suspensi\u00f3n ha impactado a unos 24,000 pasajeros, entre los que se cuentan 11,400 usuarios de Renfe, 5,737 de iryo y unos 4,000 de Ouigo. Todos los billetes afectados podr\u00e1n ser anulados o cambiados sin coste adicional. Las compa\u00f1\u00edas trabajan en la implementaci\u00f3n de opciones alternativas.<\/p>\n<p>El Ministro de Transportes, \u00d3scar Puente, ha explicado que los da\u00f1os en la alta velocidad entre Madrid y Valencia son tan importantes que <strong><em>\u201creanudar el servicio en los pr\u00f3ximos 4 d\u00edas no parece posible. Cuando tengamos un diagn\u00f3stico definitivo sobre los plazos necesarios para recomponer la l\u00ednea lo haremos p\u00fablico\u201d.<\/em><\/strong><\/p>\n","protected":false},"excerpt":{"rendered":"<p>Adif ha suspendido la circulaci\u00f3n de trenes de alta velocidad y larga distancia entre Madrid y Valencia desde el mi\u00e9rcoles hasta el domingo debido a la cat\u00e1strofe meteorol\u00f3gica que afecta a la Comunidad Valenciana. Renfe, iryo y Ouigo cancelan sin fecha a la vista Esta suspensi\u00f3n ha impactado a unos 24,000 pasajeros, entre los que &hellip;<\/p>\n","protected":false},"author":408,"featured_media":25982,"comment_status":"closed","ping_status":"open","sticky":false,"template":"","format":"standard","meta":[],"categories":[65],"tags":[],"_links":{"self":[{"href":"https:\/\/www.comunicatur.info\/es\/wp-json\/wp\/v2\/posts\/25985"}],"collection":[{"href":"https:\/\/www.comunicatur.info\/es\/wp-json\/wp\/v2\/posts"}],"about":[{"href":"https:\/\/www.comunicatur.info\/es\/wp-json\/wp\/v2\/types\/post"}],"author":[{"embeddable":true,"href":"https:\/\/www.comunicatur.info\/es\/wp-json\/wp\/v2\/users\/408"}],"replies":[{"embeddable":true,"href":"https:\/\/www.comunicatur.info\/es\/wp-json\/wp\/v2\/comments?post=25985"}],"version-history":[{"count":2,"href":"https:\/\/www.comunicatur.info\/es\/wp-json\/wp\/v2\/posts\/25985\/revisions"}],"predecessor-version":[{"id":25987,"href":"https:\/\/www.comunicatur.info\/es\/wp-json\/wp\/v2\/posts\/25985\/revisions\/25987"}],"wp:featuredmedia":[{"embeddable":true,"href":"https:\/\/www.comunicatur.info\/es\/wp-json\/wp\/v2\/media\/25982"}],"wp:attachment":[{"href":"https:\/\/www.comunicatur.info\/es\/wp-json\/wp\/v2\/media?parent=25985"}],"wp:term":[{"taxonomy":"category","embeddable":true,"href":"https:\/\/www.comunicatur.info\/es\/wp-json\/wp\/v2\/categories?post=25985"},{"taxonomy":"post_tag","embeddable":true,"href":"https:\/\/www.comunicatur.info\/es\/wp-json\/wp\/v2\/tags?post=25985"}],"curies":[{"name":"wp","href":"https:\/\/api.w.org\/{rel}","templated":true}]}}