{"id":25973,"date":"2024-10-31T00:30:35","date_gmt":"2024-10-30T22:30:35","guid":{"rendered":"https:\/\/www.comunicatur.info\/?p=25973"},"modified":"2024-10-31T10:07:57","modified_gmt":"2024-10-31T08:07:57","slug":"cataluna-dispuesta-a-duplicar-la-tasa-turistica","status":"publish","type":"post","link":"https:\/\/www.comunicatur.info\/es\/cataluna-dispuesta-a-duplicar-la-tasa-turistica\/","title":{"rendered":"Catalu\u00f1a dispuesta a duplicar la tasa tur\u00edstica"},"content":{"rendered":"<p>El presidente de la Generalitat, <strong>Salvador Illa<\/strong>, ha anunciado su disposici\u00f3n a incrementar el <strong>Impuesto a las pernoctaciones o tasa tur\u00edstica<\/strong> como parte de un esfuerzo por <strong>regular la afluencia tur\u00edstica en Catalu\u00f1a<\/strong>. Este aumento, que <strong>duplicar\u00eda el actual Impuesto sobre estancias en establecimientos tur\u00edsticos<\/strong>, busca responder a las demandas de <strong>los Comuns<\/strong> y otros grupos de izquierda en el <strong>Parlament<\/strong>, de cara a la <strong>aprobaci\u00f3n de los presupuestos de 2025<\/strong>.<\/p>\n<figure id=\"attachment_25969\" aria-describedby=\"caption-attachment-25969\" style=\"width: 300px\" class=\"wp-caption alignright\"><img class=\"wp-image-25969 size-medium\" src=\"https:\/\/www.comunicatur.info\/wp-content\/uploads\/2024\/10\/Salvador_Illa_Parlament-300x178.jpg\" alt=\"\" width=\"300\" height=\"178\" srcset=\"https:\/\/www.comunicatur.info\/wp-content\/uploads\/2024\/10\/Salvador_Illa_Parlament-300x178.jpg 300w, https:\/\/www.comunicatur.info\/wp-content\/uploads\/2024\/10\/Salvador_Illa_Parlament.jpg 553w\" sizes=\"(max-width: 300px) 100vw, 300px\" \/><figcaption id=\"caption-attachment-25969\" class=\"wp-caption-text\">Salvador Illa. Parlament de Catalunya 2024<\/figcaption><\/figure>\n<p>La modificaci\u00f3n de la tasa tur\u00edstica, vigente en Catalu\u00f1a desde hace <strong>doce a\u00f1os<\/strong>, pretende destinar los ingresos a <strong>pol\u00edticas sociales de vivienda y transporte<\/strong>, y no a la <strong>promoci\u00f3n tur\u00edstica<\/strong>, en una medida orientada a <strong>equilibrar el impacto del turismo sobre el acceso a la vivienda y la vida urbana<\/strong>. Actualmente, el impuesto oscila entre <em><strong>0,60 euros<\/strong><\/em> por noche en establecimientos b\u00e1sicos de la costa y hasta <em><strong>7,5 euros<\/strong><\/em> en hoteles de lujo en Barcelona, y con la reforma se prev\u00e9 extender <strong>los recargos que ya aplica Barcelona a otros municipios<\/strong>.<\/p>\n<p>La l\u00edder de los <strong>Comuns<\/strong>, <strong>J\u00e9ssica Albiach<\/strong>, ha sido una de las principales impulsoras de esta reforma. Albiach subraya que Catalu\u00f1a no debe convertirse en un <em><strong>\u201cparque tem\u00e1tico\u201d<\/strong><\/em> y aboga por <strong>reducir los efectos del turismo masivo en el acceso a la vivienda<\/strong>. Por su parte, Illa defiende el <strong>turismo como una fuente de prosperidad para Catalu\u00f1a<\/strong> y niega que la soluci\u00f3n est\u00e9 en <em><strong>\u201cdecrecer\u201d<\/strong><\/em>, sino en <strong>gestionar el sector de forma responsable<\/strong>. <em><strong>\u201cEl turismo puede morir de \u00e9xito si no se regula adecuadamente\u201d<\/strong><\/em>, afirm\u00f3 Illa, al tiempo que expres\u00f3 su apoyo a la <strong>limitaci\u00f3n de pisos tur\u00edsticos<\/strong> y una eventual <strong>reducci\u00f3n de cruceros<\/strong>.<\/p>\n<p><strong><span style=\"color: #ff6600;\">Actuales tarifas del Impuestos de Establecimientos Tur\u00edsticos:<\/span><\/strong><\/p>\n<table width=\"0\">\n<thead>\n<tr>\n<td width=\"209\"><\/td>\n<td width=\"113\"><span style=\"color: #ff6600;\"><strong><em>Tarifa Catalu\u00f1a<\/em><\/strong><\/span><\/td>\n<td width=\"84\"><span style=\"color: #ff6600;\"><strong><em>Tarifa Barcelona<\/em><\/strong><\/span><\/td>\n<\/tr>\n<\/thead>\n<tbody>\n<tr>\n<td width=\"209\">Hoteles 5* y campings de lujo<\/td>\n<td width=\"113\">3,00 \u20ac<\/td>\n<td width=\"84\">7,50 \u20ac<\/td>\n<\/tr>\n<tr>\n<td width=\"209\">Hoteles 4*<\/td>\n<td width=\"113\">1,20 \u20ac<\/td>\n<td width=\"84\">5,70 \u20ac<\/td>\n<\/tr>\n<tr>\n<td width=\"209\">Vivienda de uso tur\u00edstico<\/td>\n<td width=\"113\">1,00 \u20ac<\/td>\n<td width=\"84\">6,25 \u20ac<\/td>\n<\/tr>\n<tr>\n<td width=\"209\">Resto de establecimientos<\/td>\n<td width=\"113\">0,60 \u20ac<\/td>\n<td width=\"84\">5,00 \u20ac<\/td>\n<\/tr>\n<tr>\n<td width=\"209\">Cruceros m\u00e1s de 12 horas<\/td>\n<td width=\"113\">2,00 \u20ac<\/td>\n<td width=\"84\">6,00 \u20ac<\/td>\n<\/tr>\n<tr>\n<td width=\"209\">Cruceros 12 horas o menos<\/td>\n<td width=\"113\">3,00 \u20ac<\/td>\n<td width=\"84\">7,00 \u20ac<\/td>\n<\/tr>\n<\/tbody>\n<\/table>\n","protected":false},"excerpt":{"rendered":"<p>El presidente de la Generalitat, Salvador Illa, ha anunciado su disposici\u00f3n a incrementar el Impuesto a las pernoctaciones o tasa tur\u00edstica como parte de un esfuerzo por regular la afluencia tur\u00edstica en Catalu\u00f1a. Este aumento, que duplicar\u00eda el actual Impuesto sobre estancias en establecimientos tur\u00edsticos, busca responder a las demandas de los Comuns y otros &hellip;<\/p>\n","protected":false},"author":408,"featured_media":25971,"comment_status":"closed","ping_status":"open","sticky":false,"template":"","format":"standard","meta":[],"categories":[68],"tags":[],"_links":{"self":[{"href":"https:\/\/www.comunicatur.info\/es\/wp-json\/wp\/v2\/posts\/25973"}],"collection":[{"href":"https:\/\/www.comunicatur.info\/es\/wp-json\/wp\/v2\/posts"}],"about":[{"href":"https:\/\/www.comunicatur.info\/es\/wp-json\/wp\/v2\/types\/post"}],"author":[{"embeddable":true,"href":"https:\/\/www.comunicatur.info\/es\/wp-json\/wp\/v2\/users\/408"}],"replies":[{"embeddable":true,"href":"https:\/\/www.comunicatur.info\/es\/wp-json\/wp\/v2\/comments?post=25973"}],"version-history":[{"count":4,"href":"https:\/\/www.comunicatur.info\/es\/wp-json\/wp\/v2\/posts\/25973\/revisions"}],"predecessor-version":[{"id":25977,"href":"https:\/\/www.comunicatur.info\/es\/wp-json\/wp\/v2\/posts\/25973\/revisions\/25977"}],"wp:featuredmedia":[{"embeddable":true,"href":"https:\/\/www.comunicatur.info\/es\/wp-json\/wp\/v2\/media\/25971"}],"wp:attachment":[{"href":"https:\/\/www.comunicatur.info\/es\/wp-json\/wp\/v2\/media?parent=25973"}],"wp:term":[{"taxonomy":"category","embeddable":true,"href":"https:\/\/www.comunicatur.info\/es\/wp-json\/wp\/v2\/categories?post=25973"},{"taxonomy":"post_tag","embeddable":true,"href":"https:\/\/www.comunicatur.info\/es\/wp-json\/wp\/v2\/tags?post=25973"}],"curies":[{"name":"wp","href":"https:\/\/api.w.org\/{rel}","templated":true}]}}