{"id":25960,"date":"2024-10-30T00:00:45","date_gmt":"2024-10-29T22:00:45","guid":{"rendered":"https:\/\/www.comunicatur.info\/?p=25960"},"modified":"2024-10-29T20:54:14","modified_gmt":"2024-10-29T18:54:14","slug":"mayor-rentabilidad-de-los-negocios-hoteleros-sube-un-104-el-precio-de-la-habitacion","status":"publish","type":"post","link":"https:\/\/www.comunicatur.info\/es\/mayor-rentabilidad-de-los-negocios-hoteleros-sube-un-104-el-precio-de-la-habitacion\/","title":{"rendered":"Mayor rentabilidad de los negocios hoteleros, sube un 10,4% el precio de la habitaci\u00f3n"},"content":{"rendered":"<p>En los primeros nueve meses del a\u00f1o, los principales indicadores hoteleros, como el precio medio y la ocupaci\u00f3n, han experimentado un crecimiento porcentual de <strong>dos d\u00edgitos<\/strong>.<\/p>\n<p>El precio medio de las habitaciones de hotel en Espa\u00f1a ha alcanzado un m\u00e1ximo hist\u00f3rico de <strong>162,8 euros<\/strong> por noche, con un incremento del <strong>10,4%<\/strong> respecto al a\u00f1o anterior. La ocupaci\u00f3n media tambi\u00e9n ha subido, situ\u00e1ndose en un <strong>75,4%<\/strong> durante los primeros nueve meses del a\u00f1o.<\/p>\n<p>Estos datos han llevado a una mayor rentabilidad de los negocios hoteleros. Los ingresos por habitaci\u00f3n disponible (<strong>RevPAR<\/strong>) han alcanzado los <strong>122,7 euros<\/strong> de media en Espa\u00f1a, con un crecimiento anual del <strong>13%<\/strong>. En el caso de Barcelona, se mantiene como una de las ciudades con precios m\u00e1s altos en Espa\u00f1a, situ\u00e1ndose en <strong>193,6 euros<\/strong> por noche, un incremento del <strong>9,5%<\/strong> respecto al a\u00f1o anterior. La ocupaci\u00f3n media ha sido del <strong>79,8%<\/strong>, similar al a\u00f1o anterior. Por su parte, Madrid es la ciudad con el crecimiento m\u00e1s alto en precios hoteleros, con una subida del <strong>16,3%<\/strong>, llegando a los <strong>166,8 euros<\/strong> por noche.<\/p>\n<h3><strong>Los destinos m\u00e1s caros del Estado: Marbella y Baleares<\/strong><\/h3>\n<p>Marbella es el destino m\u00e1s caro, con un precio medio de <strong>323,1 euros<\/strong> por noche, seguida de Baleares con <strong>209,5 euros<\/strong>. Estas zonas tur\u00edsticas han experimentado aumentos de precios del <strong>9%<\/strong> y <strong>10%<\/strong>, respectivamente.<\/p>\n<h3><strong>Ciclo alcista y perspectivas de futuro en la hoteler\u00eda<\/strong><\/h3>\n<p>La industria hotelera espa\u00f1ola contin\u00faa con una tendencia alcista, impulsada por una demanda tanto nacional como internacional. Las perspectivas a corto plazo son positivas, pero se prev\u00e9 que el aumento de precios se modere a medida que se estabilice la inflaci\u00f3n y en funci\u00f3n de la demanda.<\/p>\n<blockquote class=\"wp-embedded-content\" data-secret=\"h50dkCnQSp\"><p><a href=\"https:\/\/www.comunicatur.info\/es\/el-precio-de-los-hoteles-sube-en-verano\/\">El precio de los hoteles sube en verano<\/a><\/p><\/blockquote>\n<p><iframe class=\"wp-embedded-content\" sandbox=\"allow-scripts\" security=\"restricted\" style=\"position: absolute; clip: rect(1px, 1px, 1px, 1px);\" title=\"&#8220;El precio de los hoteles sube en verano&#8221; &#8212; Comunicatur\" src=\"https:\/\/www.comunicatur.info\/es\/el-precio-de-los-hoteles-sube-en-verano\/embed\/#?secret=dLOx2IaffN#?secret=h50dkCnQSp\" data-secret=\"h50dkCnQSp\" width=\"500\" height=\"282\" frameborder=\"0\" marginwidth=\"0\" marginheight=\"0\" scrolling=\"no\"><\/iframe><\/p>\n<blockquote class=\"wp-embedded-content\" data-secret=\"ruxGXpNOTU\"><p><a href=\"https:\/\/www.comunicatur.info\/es\/la-habitacion-de-hotel-en-barcelona-llega-a-un-precio-historico\/\">La habitaci\u00f3n de hotel en Barcelona llega a un precio hist\u00f3rico<\/a><\/p><\/blockquote>\n<p><iframe class=\"wp-embedded-content\" sandbox=\"allow-scripts\" security=\"restricted\" style=\"position: absolute; clip: rect(1px, 1px, 1px, 1px);\" title=\"&#8220;La habitaci\u00f3n de hotel en Barcelona llega a un precio hist\u00f3rico&#8221; &#8212; Comunicatur\" src=\"https:\/\/www.comunicatur.info\/es\/la-habitacion-de-hotel-en-barcelona-llega-a-un-precio-historico\/embed\/#?secret=1IlxtI5yk6#?secret=ruxGXpNOTU\" data-secret=\"ruxGXpNOTU\" width=\"500\" height=\"282\" frameborder=\"0\" marginwidth=\"0\" marginheight=\"0\" scrolling=\"no\"><\/iframe><\/p>\n<blockquote class=\"wp-embedded-content\" data-secret=\"RM5PIWgipv\"><p><a href=\"https:\/\/www.comunicatur.info\/es\/los-precios-de-los-hoteles-han-aumentado-en-verano-pero-de-forma-mas-moderada\/\">Los precios de los hoteles han aumentado en verano pero de forma m\u00e1s moderada<\/a><\/p><\/blockquote>\n<p><iframe class=\"wp-embedded-content\" sandbox=\"allow-scripts\" security=\"restricted\" style=\"position: absolute; clip: rect(1px, 1px, 1px, 1px);\" title=\"&#8220;Los precios de los hoteles han aumentado en verano pero de forma m\u00e1s moderada&#8221; &#8212; Comunicatur\" src=\"https:\/\/www.comunicatur.info\/es\/los-precios-de-los-hoteles-han-aumentado-en-verano-pero-de-forma-mas-moderada\/embed\/#?secret=uotLvYjCT0#?secret=RM5PIWgipv\" data-secret=\"RM5PIWgipv\" width=\"500\" height=\"282\" frameborder=\"0\" marginwidth=\"0\" marginheight=\"0\" scrolling=\"no\"><\/iframe><\/p>\n<p>&nbsp;<\/p>\n<p>&nbsp;<\/p>\n","protected":false},"excerpt":{"rendered":"<p>En los primeros nueve meses del a\u00f1o, los principales indicadores hoteleros, como el precio medio y la ocupaci\u00f3n, han experimentado un crecimiento porcentual de dos d\u00edgitos. El precio medio de las habitaciones de hotel en Espa\u00f1a ha alcanzado un m\u00e1ximo hist\u00f3rico de 162,8 euros por noche, con un incremento del 10,4% respecto al a\u00f1o anterior. &hellip;<\/p>\n","protected":false},"author":408,"featured_media":25957,"comment_status":"closed","ping_status":"open","sticky":false,"template":"","format":"standard","meta":[],"categories":[59],"tags":[],"_links":{"self":[{"href":"https:\/\/www.comunicatur.info\/es\/wp-json\/wp\/v2\/posts\/25960"}],"collection":[{"href":"https:\/\/www.comunicatur.info\/es\/wp-json\/wp\/v2\/posts"}],"about":[{"href":"https:\/\/www.comunicatur.info\/es\/wp-json\/wp\/v2\/types\/post"}],"author":[{"embeddable":true,"href":"https:\/\/www.comunicatur.info\/es\/wp-json\/wp\/v2\/users\/408"}],"replies":[{"embeddable":true,"href":"https:\/\/www.comunicatur.info\/es\/wp-json\/wp\/v2\/comments?post=25960"}],"version-history":[{"count":3,"href":"https:\/\/www.comunicatur.info\/es\/wp-json\/wp\/v2\/posts\/25960\/revisions"}],"predecessor-version":[{"id":25963,"href":"https:\/\/www.comunicatur.info\/es\/wp-json\/wp\/v2\/posts\/25960\/revisions\/25963"}],"wp:featuredmedia":[{"embeddable":true,"href":"https:\/\/www.comunicatur.info\/es\/wp-json\/wp\/v2\/media\/25957"}],"wp:attachment":[{"href":"https:\/\/www.comunicatur.info\/es\/wp-json\/wp\/v2\/media?parent=25960"}],"wp:term":[{"taxonomy":"category","embeddable":true,"href":"https:\/\/www.comunicatur.info\/es\/wp-json\/wp\/v2\/categories?post=25960"},{"taxonomy":"post_tag","embeddable":true,"href":"https:\/\/www.comunicatur.info\/es\/wp-json\/wp\/v2\/tags?post=25960"}],"curies":[{"name":"wp","href":"https:\/\/api.w.org\/{rel}","templated":true}]}}