{"id":25931,"date":"2024-10-27T19:48:08","date_gmt":"2024-10-27T17:48:08","guid":{"rendered":"https:\/\/www.comunicatur.info\/?p=25931"},"modified":"2024-10-27T20:02:17","modified_gmt":"2024-10-27T18:02:17","slug":"bombazo-en-paradores-35-millones-de-beneficio-230-millones-para-renovar-la-cadena","status":"publish","type":"post","link":"https:\/\/www.comunicatur.info\/es\/bombazo-en-paradores-35-millones-de-beneficio-230-millones-para-renovar-la-cadena\/","title":{"rendered":"Bombazo en Paradores: 35 millones de beneficio; 230 millones para renovar la cadena"},"content":{"rendered":"<p>La cadena <a href=\"https:\/\/www.parador.es\/\" target=\"_new\" rel=\"noopener\">Paradores<\/a> ha crecido en ventas y prev\u00e9 unos ingresos brutos de explotaci\u00f3n de <strong>340 millones de euros<\/strong>. Con estos resultados, la previsi\u00f3n es aumentar un <strong>17%<\/strong> el beneficio en <strong>2024<\/strong> respecto al pasado a\u00f1o y cerrar con casi <strong>35 millones de euros<\/strong> de ganancia.<\/p>\n<p>Los resultados de Paradores est\u00e1n superando los de 2023. En verano, las ocupaciones han oscilado entre el <strong>86%<\/strong> y el <strong>91%<\/strong>, seg\u00fan la zona. Seg\u00fan informan, el <a href=\"https:\/\/www.comunicatur.info\/el-cliente-internacional-en-paradores-continua-creciendo\/\">cliente internacional <\/a>va ganando m\u00e1s peso, con un aumento del <strong>4%<\/strong>.<\/p>\n<figure id=\"attachment_25932\" aria-describedby=\"caption-attachment-25932\" style=\"width: 300px\" class=\"wp-caption alignright\"><img class=\"size-medium wp-image-25932\" src=\"https:\/\/www.comunicatur.info\/wp-content\/uploads\/2024\/10\/Raquel-Sanchez-Presidenta-de-Paradores-300x300.jpg\" alt=\"\" width=\"300\" height=\"300\" srcset=\"https:\/\/www.comunicatur.info\/wp-content\/uploads\/2024\/10\/Raquel-Sanchez-Presidenta-de-Paradores-300x300.jpg 300w, https:\/\/www.comunicatur.info\/wp-content\/uploads\/2024\/10\/Raquel-Sanchez-Presidenta-de-Paradores-150x150.jpg 150w, https:\/\/www.comunicatur.info\/wp-content\/uploads\/2024\/10\/Raquel-Sanchez-Presidenta-de-Paradores.jpg 502w\" sizes=\"(max-width: 300px) 100vw, 300px\" \/><figcaption id=\"caption-attachment-25932\" class=\"wp-caption-text\">Raquel S\u00e1nchez. Presidenta de Paradores<\/figcaption><\/figure>\n<p>La presidenta de la red hotelera estatal, <a href=\"https:\/\/www.mitma.gob.es\/el-ministerio\/quienes-somos\/ministra-de-transportes-movilidad-y-agenda-urbana\" target=\"_new\" rel=\"noopener\">Raquel S\u00e1nchez<\/a>, ha anunciado que <a href=\"https:\/\/www.comunicatur.info\/paradores-invertira-230-millones-en-renovacion\/\">invertir\u00e1n <strong>230 millones de euros<\/strong> <\/a>en los pr\u00f3ximos <strong>tres a\u00f1os<\/strong> para renovar y modernizar los establecimientos.<\/p>\n<p>En esta puesta a punto, m\u00e1s de la mitad de la inversi\u00f3n la asumir\u00e1 Paradores con fondos propios y la destinar\u00e1 a <a target=\"_new\" rel=\"noopener\">reformas integrales<\/a> de una quincena de hoteles. Por su parte, <a href=\"https:\/\/www.turespana.es\/\" target=\"_new\" rel=\"noopener\">Turespa\u00f1a<\/a> aportar\u00e1 <strong>90 millones<\/strong>, procedentes de <a href=\"https:\/\/www.comunicatur.info\/los-fondos-europeos-destinados-a-patrimonio-cultural-en-hoteles\/\">fondos europeos,<\/a> para realizar actuaciones en edificios que son <a href=\"https:\/\/www.culturaydeporte.gob.es\/cultura\/patrimonio\/bienes-interes-cultural.html\" target=\"_new\" rel=\"noopener\">Bien de Inter\u00e9s Cultural<\/a>.<\/p>\n","protected":false},"excerpt":{"rendered":"<p>La cadena Paradores ha crecido en ventas y prev\u00e9 unos ingresos brutos de explotaci\u00f3n de 340 millones de euros. Con estos resultados, la previsi\u00f3n es aumentar un 17% el beneficio en 2024 respecto al pasado a\u00f1o y cerrar con casi 35 millones de euros de ganancia. Los resultados de Paradores est\u00e1n superando los de 2023. &hellip;<\/p>\n","protected":false},"author":408,"featured_media":25934,"comment_status":"closed","ping_status":"open","sticky":false,"template":"","format":"standard","meta":[],"categories":[61],"tags":[],"_links":{"self":[{"href":"https:\/\/www.comunicatur.info\/es\/wp-json\/wp\/v2\/posts\/25931"}],"collection":[{"href":"https:\/\/www.comunicatur.info\/es\/wp-json\/wp\/v2\/posts"}],"about":[{"href":"https:\/\/www.comunicatur.info\/es\/wp-json\/wp\/v2\/types\/post"}],"author":[{"embeddable":true,"href":"https:\/\/www.comunicatur.info\/es\/wp-json\/wp\/v2\/users\/408"}],"replies":[{"embeddable":true,"href":"https:\/\/www.comunicatur.info\/es\/wp-json\/wp\/v2\/comments?post=25931"}],"version-history":[{"count":3,"href":"https:\/\/www.comunicatur.info\/es\/wp-json\/wp\/v2\/posts\/25931\/revisions"}],"predecessor-version":[{"id":25938,"href":"https:\/\/www.comunicatur.info\/es\/wp-json\/wp\/v2\/posts\/25931\/revisions\/25938"}],"wp:featuredmedia":[{"embeddable":true,"href":"https:\/\/www.comunicatur.info\/es\/wp-json\/wp\/v2\/media\/25934"}],"wp:attachment":[{"href":"https:\/\/www.comunicatur.info\/es\/wp-json\/wp\/v2\/media?parent=25931"}],"wp:term":[{"taxonomy":"category","embeddable":true,"href":"https:\/\/www.comunicatur.info\/es\/wp-json\/wp\/v2\/categories?post=25931"},{"taxonomy":"post_tag","embeddable":true,"href":"https:\/\/www.comunicatur.info\/es\/wp-json\/wp\/v2\/tags?post=25931"}],"curies":[{"name":"wp","href":"https:\/\/api.w.org\/{rel}","templated":true}]}}