{"id":25922,"date":"2024-10-23T00:00:13","date_gmt":"2024-10-22T22:00:13","guid":{"rendered":"https:\/\/www.comunicatur.info\/?p=25922"},"modified":"2024-10-22T23:07:03","modified_gmt":"2024-10-22T21:07:03","slug":"el-turismo-aportara-mas-del-15-del-pib","status":"publish","type":"post","link":"https:\/\/www.comunicatur.info\/es\/el-turismo-aportara-mas-del-15-del-pib\/","title":{"rendered":"El turismo aportar\u00e1 m\u00e1s del 15% del PIB"},"content":{"rendered":"<p>El crecimiento del turismo en Europa y especialmente en Espa\u00f1a ser\u00e1 la t\u00f3nica de las pr\u00f3ximas d\u00e9cadas. Las propuestas de reducci\u00f3n del turismo parece que no cuajan y Espa\u00f1a podr\u00e1 superar a Francia como primer destino del mundo de aqu\u00ed a unos a\u00f1os.<\/p>\n<p>Son diferentes consultoras internacionales las que pronostican este cambio en el p\u00f3dium tur\u00edstico mundial hacia el 2040. Junto al crecimiento de visitantes tambi\u00e9n hay un aumento del gasto que repercute en la aportaci\u00f3n a la econom\u00eda del pa\u00eds. Cuando Espa\u00f1a se coloque en primera posici\u00f3n como destino el turismo ya supondr\u00e1 m\u00e1s del 15% del PIB, algo que solo sucede en estos momentos en los archipi\u00e9lagos canario y balear.<\/p>\n<p>Por ahora, en este ejercicio, el turismo en Espa\u00f1a superar\u00e1 los 90 millones de visitantes. Este verano el INE cifraba en 12% el aumento acumulado en lo que va de a\u00f1o respecto al mismo periodo del pasado. Y es que el r\u00e9cord que se volver\u00e1 a marcar al finalizar el a\u00f1o lo adelantaban las cifras de los aeropuertos en este verano. Las infraestructuras de AENA marcaban un 7% m\u00e1s de pasajeros que en 2023.<\/p>\n<p>El aeropuerto Madrid-Barajas ha cerrado el mejor verano de su historia. Entre el 1 de junio y el 31 de agosto pasaron m\u00e1s de 18 millones de pasajeros, un 10,9% m\u00e1s. En el caso del aeropuerto Barcelona-El Prat, la temporada estival ha supuesto un nuevo r\u00e9cord hist\u00f3rico de pasajeros. Y en los nueve primeros meses de 2024 el incremento porcentual es de dos d\u00edgitos como en Barajas, concretamente del 11,5%.<\/p>\n<p>En este mismo sentido, las aerol\u00edneas pondr\u00e1n estos meses finales del a\u00f1o entre un 7% y 8% m\u00e1s de asientos disponibles para volar en Europa. El dato corrobora las previsiones positivas que tiene el sector a\u00e9reo para el futuro inmediato.<\/p>\n","protected":false},"excerpt":{"rendered":"<p>El crecimiento del turismo en Europa y especialmente en Espa\u00f1a ser\u00e1 la t\u00f3nica de las pr\u00f3ximas d\u00e9cadas. Las propuestas de reducci\u00f3n del turismo parece que no cuajan y Espa\u00f1a podr\u00e1 superar a Francia como primer destino del mundo de aqu\u00ed a unos a\u00f1os. Son diferentes consultoras internacionales las que pronostican este cambio en el p\u00f3dium &hellip;<\/p>\n","protected":false},"author":408,"featured_media":25920,"comment_status":"closed","ping_status":"open","sticky":false,"template":"","format":"standard","meta":[],"categories":[73],"tags":[],"_links":{"self":[{"href":"https:\/\/www.comunicatur.info\/es\/wp-json\/wp\/v2\/posts\/25922"}],"collection":[{"href":"https:\/\/www.comunicatur.info\/es\/wp-json\/wp\/v2\/posts"}],"about":[{"href":"https:\/\/www.comunicatur.info\/es\/wp-json\/wp\/v2\/types\/post"}],"author":[{"embeddable":true,"href":"https:\/\/www.comunicatur.info\/es\/wp-json\/wp\/v2\/users\/408"}],"replies":[{"embeddable":true,"href":"https:\/\/www.comunicatur.info\/es\/wp-json\/wp\/v2\/comments?post=25922"}],"version-history":[{"count":1,"href":"https:\/\/www.comunicatur.info\/es\/wp-json\/wp\/v2\/posts\/25922\/revisions"}],"predecessor-version":[{"id":25923,"href":"https:\/\/www.comunicatur.info\/es\/wp-json\/wp\/v2\/posts\/25922\/revisions\/25923"}],"wp:featuredmedia":[{"embeddable":true,"href":"https:\/\/www.comunicatur.info\/es\/wp-json\/wp\/v2\/media\/25920"}],"wp:attachment":[{"href":"https:\/\/www.comunicatur.info\/es\/wp-json\/wp\/v2\/media?parent=25922"}],"wp:term":[{"taxonomy":"category","embeddable":true,"href":"https:\/\/www.comunicatur.info\/es\/wp-json\/wp\/v2\/categories?post=25922"},{"taxonomy":"post_tag","embeddable":true,"href":"https:\/\/www.comunicatur.info\/es\/wp-json\/wp\/v2\/tags?post=25922"}],"curies":[{"name":"wp","href":"https:\/\/api.w.org\/{rel}","templated":true}]}}