{"id":25847,"date":"2024-10-10T00:00:35","date_gmt":"2024-10-09T22:00:35","guid":{"rendered":"https:\/\/www.comunicatur.info\/?p=25847"},"modified":"2024-10-08T18:26:19","modified_gmt":"2024-10-08T16:26:19","slug":"ahora-a-por-la-supresion-del-registro-de-viajeros","status":"publish","type":"post","link":"https:\/\/www.comunicatur.info\/es\/ahora-a-por-la-supresion-del-registro-de-viajeros\/","title":{"rendered":"Ahora a por la supresi\u00f3n del registro de viajeros"},"content":{"rendered":"<p>Una vez conseguida la pr\u00f3rroga hasta el 2 de diciembre de la entrada en vigor del decreto RD 933\/2021 que obliga al sector tur\u00edstico a cumplimentar un registro de clientes con informaci\u00f3n y documentaci\u00f3n exhaustiva, <strong>el objetivo del sector de las agencias es eliminar su aplicaci\u00f3n.<\/strong><\/p>\n<p>Est\u00e1n obligados a recoger datos de sus clientes los hoteles, apartamentos tur\u00edsticos, casas rurales, agencias de viajes y empresas de alquiler de veh\u00edculos. Hasta 43 referencias salen en la lista de datos que deb\u00edan recopilar en alojamientos. Todo <strong>en aras de la seguridad p\u00fablica<\/strong> pero que a la vez <strong>puede constituir una intromisi\u00f3n en la intimidad privada<\/strong>.<\/p>\n<p>El Ministro de Interior ha dicho que los par\u00e1metros de recopilaci\u00f3n de informaci\u00f3n de los clientes se quedar\u00e1n en los 14 que ya facilitan los alojamientos y <strong>desiste de los 43 previstos que en el caso del alquiler de veh\u00edculos se elevaba hasta los 64<\/strong>.<\/p>\n<p>Las principales asociaciones de agencias de viajes &#8211; ACAVE, FETAVE y UNAV \u2013 han anunciado una ofensiva informativa para movilizar al sector y a la opini\u00f3n p\u00fablica sobre las consecuencias que tiene esta medida del Ministerio del Interior.<\/p>\n<p>Gobierno y sector han aprovechado este periodo de congelaci\u00f3n de la norma para reunirse y hablar sobre el decreto. El Ministerio ya ha trasladado a las agencias de viajes que no tiene intenci\u00f3n de introducir ninguna modificaci\u00f3n en las condiciones de aplicaci\u00f3n. Los representantes de la CEOE y las asociaciones ACAVE, FETAVE y UNAV presentes en la reuni\u00f3n <strong>recibieron del gobierno el mensaje que el RD 933\/2021 es irrevocable y sin opci\u00f3n de pr\u00f3rroga.<\/strong><\/p>\n<p>Ahora las tres asociaciones han anunciado que empiezan a informar a sus clientes de los perjuicios a los que se exponen. En este sentido, <strong>el Consejo de la Abogac\u00eda Catalana ha mostrado su preocupaci\u00f3n por este nuevo registro que podr\u00eda vulnerar la privacidad de las personas<\/strong>.<\/p>\n<p>Por otro lado, esperan que la Comisi\u00f3n Europea, que ya tiene el tema sobre la mesa, resuelva favorablemente a las peticiones de las agencias de viajes. Aducen que las empresas carecen de la mayor\u00eda de informaci\u00f3n que se solicita y que el 95% del sector de las agencias son pymes sin capacidad para hacer frente a esta sobrecarga administrativa.<\/p>\n<blockquote class=\"wp-embedded-content\" data-secret=\"G1AnJNjj8K\"><p><a href=\"https:\/\/www.comunicatur.info\/es\/consiguen-aplazar-el-decreto-del-registro-de-viajeros-a-diciembre\/\">Consiguen aplazar el decreto del registro de viajeros a diciembre<\/a><\/p><\/blockquote>\n<p><iframe class=\"wp-embedded-content\" sandbox=\"allow-scripts\" security=\"restricted\" style=\"position: absolute; clip: rect(1px, 1px, 1px, 1px);\" title=\"&#8220;Consiguen aplazar el decreto del registro de viajeros a diciembre&#8221; &#8212; Comunicatur\" src=\"https:\/\/www.comunicatur.info\/es\/consiguen-aplazar-el-decreto-del-registro-de-viajeros-a-diciembre\/embed\/#?secret=xjNOvaZlKr#?secret=G1AnJNjj8K\" data-secret=\"G1AnJNjj8K\" width=\"500\" height=\"282\" frameborder=\"0\" marginwidth=\"0\" marginheight=\"0\" scrolling=\"no\"><\/iframe><\/p>\n<blockquote class=\"wp-embedded-content\" data-secret=\"t575PrEDtQ\"><p><a href=\"https:\/\/www.comunicatur.info\/es\/el-sector-pide-la-suspension-de-la-entrada-en-vigor-del-rd-933-2021\/\">El sector pide la suspensi\u00f3n de la entrada en vigor del RD 933\/2021<\/a><\/p><\/blockquote>\n<p><iframe class=\"wp-embedded-content\" sandbox=\"allow-scripts\" security=\"restricted\" style=\"position: absolute; clip: rect(1px, 1px, 1px, 1px);\" title=\"&#8220;El sector pide la suspensi\u00f3n de la entrada en vigor del RD 933\/2021&#8221; &#8212; Comunicatur\" src=\"https:\/\/www.comunicatur.info\/es\/el-sector-pide-la-suspension-de-la-entrada-en-vigor-del-rd-933-2021\/embed\/#?secret=sXbOYqDzsa#?secret=t575PrEDtQ\" data-secret=\"t575PrEDtQ\" width=\"500\" height=\"282\" frameborder=\"0\" marginwidth=\"0\" marginheight=\"0\" scrolling=\"no\"><\/iframe><\/p>\n<blockquote class=\"wp-embedded-content\" data-secret=\"8LQZL8imhG\"><p><a href=\"https:\/\/www.comunicatur.info\/es\/maxima-preocupacion-de-las-agencias-de-viajes\/\">M\u00e1xima preocupaci\u00f3n de las agencias de viajes<\/a><\/p><\/blockquote>\n<p><iframe class=\"wp-embedded-content\" sandbox=\"allow-scripts\" security=\"restricted\" style=\"position: absolute; clip: rect(1px, 1px, 1px, 1px);\" title=\"&#8220;M\u00e1xima preocupaci\u00f3n de las agencias de viajes&#8221; &#8212; Comunicatur\" src=\"https:\/\/www.comunicatur.info\/es\/maxima-preocupacion-de-las-agencias-de-viajes\/embed\/#?secret=rK6HuGMmbn#?secret=8LQZL8imhG\" data-secret=\"8LQZL8imhG\" width=\"500\" height=\"282\" frameborder=\"0\" marginwidth=\"0\" marginheight=\"0\" scrolling=\"no\"><\/iframe><\/p>\n<p>&nbsp;<\/p>\n","protected":false},"excerpt":{"rendered":"<p>Una vez conseguida la pr\u00f3rroga hasta el 2 de diciembre de la entrada en vigor del decreto RD 933\/2021 que obliga al sector tur\u00edstico a cumplimentar un registro de clientes con informaci\u00f3n y documentaci\u00f3n exhaustiva, el objetivo del sector de las agencias es eliminar su aplicaci\u00f3n. Est\u00e1n obligados a recoger datos de sus clientes los &hellip;<\/p>\n","protected":false},"author":408,"featured_media":25844,"comment_status":"closed","ping_status":"open","sticky":false,"template":"","format":"standard","meta":[],"categories":[66],"tags":[],"_links":{"self":[{"href":"https:\/\/www.comunicatur.info\/es\/wp-json\/wp\/v2\/posts\/25847"}],"collection":[{"href":"https:\/\/www.comunicatur.info\/es\/wp-json\/wp\/v2\/posts"}],"about":[{"href":"https:\/\/www.comunicatur.info\/es\/wp-json\/wp\/v2\/types\/post"}],"author":[{"embeddable":true,"href":"https:\/\/www.comunicatur.info\/es\/wp-json\/wp\/v2\/users\/408"}],"replies":[{"embeddable":true,"href":"https:\/\/www.comunicatur.info\/es\/wp-json\/wp\/v2\/comments?post=25847"}],"version-history":[{"count":3,"href":"https:\/\/www.comunicatur.info\/es\/wp-json\/wp\/v2\/posts\/25847\/revisions"}],"predecessor-version":[{"id":25851,"href":"https:\/\/www.comunicatur.info\/es\/wp-json\/wp\/v2\/posts\/25847\/revisions\/25851"}],"wp:featuredmedia":[{"embeddable":true,"href":"https:\/\/www.comunicatur.info\/es\/wp-json\/wp\/v2\/media\/25844"}],"wp:attachment":[{"href":"https:\/\/www.comunicatur.info\/es\/wp-json\/wp\/v2\/media?parent=25847"}],"wp:term":[{"taxonomy":"category","embeddable":true,"href":"https:\/\/www.comunicatur.info\/es\/wp-json\/wp\/v2\/categories?post=25847"},{"taxonomy":"post_tag","embeddable":true,"href":"https:\/\/www.comunicatur.info\/es\/wp-json\/wp\/v2\/tags?post=25847"}],"curies":[{"name":"wp","href":"https:\/\/api.w.org\/{rel}","templated":true}]}}