{"id":25829,"date":"2024-10-08T00:00:16","date_gmt":"2024-10-07T22:00:16","guid":{"rendered":"https:\/\/www.comunicatur.info\/?p=25829"},"modified":"2024-10-08T16:51:34","modified_gmt":"2024-10-08T14:51:34","slug":"berta-cabre-mantiene-el-liderazgo-en-la-feht","status":"publish","type":"post","link":"https:\/\/www.comunicatur.info\/es\/berta-cabre-mantiene-el-liderazgo-en-la-feht\/","title":{"rendered":"Berta Cabr\u00e9 mantiene el liderazgo en la FEHT"},"content":{"rendered":"<p>La Federaci\u00f3n Empresarial de Hosteler\u00eda y Turismo de la provincia de Tarragona (FEHT) ha escogido a su nueva junta directiva para los pr\u00f3ximos cuatro a\u00f1os.<\/p>\n<p>Ha renovado a Berta Cabr\u00e9 como presidenta la entidad hasta 2028. La nueva junta est\u00e1 formada por m\u00e1s miembros que la saliente para adaptarse al nuevo contexto del sector.<\/p>\n<p>Acompa\u00f1an a Cabr\u00e9 un vicepresidente primero con funciones de tesorero, Albert Sav\u00e9 y un vicepresidente segundo, Quim Cristi\u00e0.<\/p>\n<p>La FEHT representa al 90% de los alojamientos tur\u00edsticos de la provincia, que incluye la potente marca tur\u00edstica Costa Daurada con Salou a la cabeza.<\/p>\n","protected":false},"excerpt":{"rendered":"<p>La Federaci\u00f3n Empresarial de Hosteler\u00eda y Turismo de la provincia de Tarragona (FEHT) ha escogido a su nueva junta directiva para los pr\u00f3ximos cuatro a\u00f1os. Ha renovado a Berta Cabr\u00e9 como presidenta la entidad hasta 2028. La nueva junta est\u00e1 formada por m\u00e1s miembros que la saliente para adaptarse al nuevo contexto del sector. Acompa\u00f1an &hellip;<\/p>\n","protected":false},"author":408,"featured_media":25826,"comment_status":"closed","ping_status":"open","sticky":false,"template":"","format":"standard","meta":[],"categories":[61],"tags":[],"_links":{"self":[{"href":"https:\/\/www.comunicatur.info\/es\/wp-json\/wp\/v2\/posts\/25829"}],"collection":[{"href":"https:\/\/www.comunicatur.info\/es\/wp-json\/wp\/v2\/posts"}],"about":[{"href":"https:\/\/www.comunicatur.info\/es\/wp-json\/wp\/v2\/types\/post"}],"author":[{"embeddable":true,"href":"https:\/\/www.comunicatur.info\/es\/wp-json\/wp\/v2\/users\/408"}],"replies":[{"embeddable":true,"href":"https:\/\/www.comunicatur.info\/es\/wp-json\/wp\/v2\/comments?post=25829"}],"version-history":[{"count":2,"href":"https:\/\/www.comunicatur.info\/es\/wp-json\/wp\/v2\/posts\/25829\/revisions"}],"predecessor-version":[{"id":25831,"href":"https:\/\/www.comunicatur.info\/es\/wp-json\/wp\/v2\/posts\/25829\/revisions\/25831"}],"wp:featuredmedia":[{"embeddable":true,"href":"https:\/\/www.comunicatur.info\/es\/wp-json\/wp\/v2\/media\/25826"}],"wp:attachment":[{"href":"https:\/\/www.comunicatur.info\/es\/wp-json\/wp\/v2\/media?parent=25829"}],"wp:term":[{"taxonomy":"category","embeddable":true,"href":"https:\/\/www.comunicatur.info\/es\/wp-json\/wp\/v2\/categories?post=25829"},{"taxonomy":"post_tag","embeddable":true,"href":"https:\/\/www.comunicatur.info\/es\/wp-json\/wp\/v2\/tags?post=25829"}],"curies":[{"name":"wp","href":"https:\/\/api.w.org\/{rel}","templated":true}]}}