{"id":25820,"date":"2024-10-07T00:00:25","date_gmt":"2024-10-06T22:00:25","guid":{"rendered":"https:\/\/www.comunicatur.info\/?p=25820"},"modified":"2024-10-05T12:31:20","modified_gmt":"2024-10-05T10:31:20","slug":"vacaciones-mas-largas-y-mas-cerca-de-casa-propuesta-para-el-futuro-del-turismo","status":"publish","type":"post","link":"https:\/\/www.comunicatur.info\/es\/vacaciones-mas-largas-y-mas-cerca-de-casa-propuesta-para-el-futuro-del-turismo\/","title":{"rendered":"Vacaciones m\u00e1s largas y m\u00e1s cerca de casa, propuesta para el futuro del turismo"},"content":{"rendered":"<p>El experto independiente en Turismo y Acci\u00f3n Clim\u00e1tica Jeremy Smith ha destacado en la reciente edici\u00f3n del Forum TurisTIC la necesidad de promover un nuevo modelo de vacaciones que permita incrementar el tiempo en el destino y viajar menos.<\/p>\n<p>Smith es coautor de la Declaraci\u00f3n de Glasgow liderada por Naciones Unidas sobre la Acci\u00f3n Clim\u00e1tica en el Turismo. En su opini\u00f3n, <strong><em>\u201cel turismo deber\u00eda priorizar esfuerzos para cambiar de un modelo extractivo a uno regenerativo, que aporte beneficios a las comunidades y a los ecosistemas en los que opera\u201d<\/em>.<\/strong><\/p>\n<p>El foro, organizado por el centro tecnol\u00f3gico <a href=\"https:\/\/eurecat.org\/es\" target=\"_blank\" rel=\"noopener\">Eurecat<\/a>, ha promulgado la reducci\u00f3n del impacto de la actividad tur\u00edstica en su entorno para impulsar la sostenibilidad del turismo en un contexto marcado por la emergencia clim\u00e1tica que, seg\u00fan explican, \u00a0<strong>\u201cafecta ya a la actividad del sector\u201d.<\/strong><\/p>\n<figure id=\"attachment_25816\" aria-describedby=\"caption-attachment-25816\" style=\"width: 300px\" class=\"wp-caption alignright\"><img class=\"size-medium wp-image-25816\" src=\"https:\/\/www.comunicatur.info\/wp-content\/uploads\/2024\/10\/ForumTurisTIC_2024-300x200.jpeg\" alt=\"\" width=\"300\" height=\"200\" srcset=\"https:\/\/www.comunicatur.info\/wp-content\/uploads\/2024\/10\/ForumTurisTIC_2024-300x200.jpeg 300w, https:\/\/www.comunicatur.info\/wp-content\/uploads\/2024\/10\/ForumTurisTIC_2024-1024x683.jpeg 1024w, https:\/\/www.comunicatur.info\/wp-content\/uploads\/2024\/10\/ForumTurisTIC_2024-768x512.jpeg 768w, https:\/\/www.comunicatur.info\/wp-content\/uploads\/2024\/10\/ForumTurisTIC_2024-600x400.jpeg 600w, https:\/\/www.comunicatur.info\/wp-content\/uploads\/2024\/10\/ForumTurisTIC_2024-1536x1024.jpeg 1536w, https:\/\/www.comunicatur.info\/wp-content\/uploads\/2024\/10\/ForumTurisTIC_2024-2048x1366.jpeg 2048w\" sizes=\"(max-width: 300px) 100vw, 300px\" \/><figcaption id=\"caption-attachment-25816\" class=\"wp-caption-text\">Forum TurisTIC 202407<\/figcaption><\/figure>\n<p>En este sentido en el congreso han lanzado un mensaje en boca del ge\u00f3grafo Francesc Mauri advirtiendo que:<strong> \u201cla costa catalana ser\u00e1 completamente diferente en las pr\u00f3ximas d\u00e9cadas, las variaciones muy r\u00e1pidas en el clima llevar\u00e1n a cambios estructurales en todo el pa\u00eds\u201d.<\/strong><\/p>\n<p>Como soluciones se ha se\u00f1alado la b\u00fasqueda de alternativas bajas en carbono para los viajes, fomentando los desplazamientos en tren o el uso de combustibles m\u00e1s limpios para conseguir las cero emisiones globales del turismo en 2050 como propone la Declaraci\u00f3n de Glasgow.<\/p>\n<p>El Forum TurisTIC ha reunido como cada a\u00f1o a empresas del sector tur\u00edstico, de la innovaci\u00f3n y el desarrollo tecnol\u00f3gico, asociaciones y gremios especializados y organismos tur\u00edsticos, para conocer y debatir iniciativas encaminadas a la sostenibilidad del turismo basadas en tecnolog\u00edas y proyectos de innovaci\u00f3n que permitan generar nuevos modelos de negocio.<\/p>\n","protected":false},"excerpt":{"rendered":"<p>El experto independiente en Turismo y Acci\u00f3n Clim\u00e1tica Jeremy Smith ha destacado en la reciente edici\u00f3n del Forum TurisTIC la necesidad de promover un nuevo modelo de vacaciones que permita incrementar el tiempo en el destino y viajar menos. Smith es coautor de la Declaraci\u00f3n de Glasgow liderada por Naciones Unidas sobre la Acci\u00f3n Clim\u00e1tica &hellip;<\/p>\n","protected":false},"author":408,"featured_media":25814,"comment_status":"closed","ping_status":"open","sticky":false,"template":"","format":"standard","meta":[],"categories":[63],"tags":[],"_links":{"self":[{"href":"https:\/\/www.comunicatur.info\/es\/wp-json\/wp\/v2\/posts\/25820"}],"collection":[{"href":"https:\/\/www.comunicatur.info\/es\/wp-json\/wp\/v2\/posts"}],"about":[{"href":"https:\/\/www.comunicatur.info\/es\/wp-json\/wp\/v2\/types\/post"}],"author":[{"embeddable":true,"href":"https:\/\/www.comunicatur.info\/es\/wp-json\/wp\/v2\/users\/408"}],"replies":[{"embeddable":true,"href":"https:\/\/www.comunicatur.info\/es\/wp-json\/wp\/v2\/comments?post=25820"}],"version-history":[{"count":2,"href":"https:\/\/www.comunicatur.info\/es\/wp-json\/wp\/v2\/posts\/25820\/revisions"}],"predecessor-version":[{"id":25822,"href":"https:\/\/www.comunicatur.info\/es\/wp-json\/wp\/v2\/posts\/25820\/revisions\/25822"}],"wp:featuredmedia":[{"embeddable":true,"href":"https:\/\/www.comunicatur.info\/es\/wp-json\/wp\/v2\/media\/25814"}],"wp:attachment":[{"href":"https:\/\/www.comunicatur.info\/es\/wp-json\/wp\/v2\/media?parent=25820"}],"wp:term":[{"taxonomy":"category","embeddable":true,"href":"https:\/\/www.comunicatur.info\/es\/wp-json\/wp\/v2\/categories?post=25820"},{"taxonomy":"post_tag","embeddable":true,"href":"https:\/\/www.comunicatur.info\/es\/wp-json\/wp\/v2\/tags?post=25820"}],"curies":[{"name":"wp","href":"https:\/\/api.w.org\/{rel}","templated":true}]}}