{"id":25729,"date":"2024-09-23T00:00:53","date_gmt":"2024-09-22T22:00:53","guid":{"rendered":"https:\/\/www.comunicatur.info\/?p=25729"},"modified":"2024-09-23T10:14:43","modified_gmt":"2024-09-23T08:14:43","slug":"el-sector-pide-la-suspension-de-la-entrada-en-vigor-del-rd-933-2021","status":"publish","type":"post","link":"https:\/\/www.comunicatur.info\/es\/el-sector-pide-la-suspension-de-la-entrada-en-vigor-del-rd-933-2021\/","title":{"rendered":"El sector pide la suspensi\u00f3n de la entrada en vigor del RD 933\/2021"},"content":{"rendered":"<p>El sector empresarial del turismo coincide con las reivindicaciones planteadas por ACAVE, FETAVE y UNAV de suspender el registro obligatorio de los clientes cumplimentando informaci\u00f3n y documentos de todos aquellos turistas que contratan un alojamiento o alquilan un veh\u00edculo.<\/p>\n<p>Piden la suspensi\u00f3n de la entrada en vigor del Real Decreto 933\/2021 prevista para este mes de octubre. La CEOE, en representaci\u00f3n de las empresas espa\u00f1olas, se ha unido a las agencias de viajes y urge al Gobierno a revisar el decreto para <strong><em>\u201csu adecuaci\u00f3n a la realidad operativa del sector tur\u00edstico\u201d<\/em><\/strong>. La patronal a\u00f1ade que tal y como est\u00e1 redactado no est\u00e1 alineado <strong><em>\u201ccon las normativas europeas sobre protecci\u00f3n de datos y derechos fundamentales\u201d.<\/em><\/strong><\/p>\n<p>La CEOE pone de ejemplo la como la asociaci\u00f3n de referencia de los Pa\u00edses Bajos, ANVR, <strong>cifra en un m\u00ednimo 40 los datos de los turistas que se deben facilitar para cumplir con el decreto espa\u00f1ol<\/strong> y que esto puede afectar a los 4 millones de holandeses que viajan a Espa\u00f1a. La asociaci\u00f3n considera que esta situaci\u00f3n puede ser contraria a la libre circulaci\u00f3n de personas dentro de la Uni\u00f3n Europea tal como se establece en el Acuerdo de Schengen.<\/p>\n<p>El sector hace tiempo que advierte que es pr\u00e1cticamente imposible recopilar todos los datos que exige el Gobierno y lo que les expone a importantes sanciones. <strong>Reclaman que los datos solicitados deben limitarse a los que sean estrictamente necesarios para el ejercicio de la actividad empresarial.<\/strong><\/p>\n<blockquote class=\"wp-embedded-content\" data-secret=\"N4HOVXsQzF\"><p><a href=\"https:\/\/www.comunicatur.info\/es\/maxima-preocupacion-de-las-agencias-de-viajes\/\">M\u00e1xima preocupaci\u00f3n de las agencias de viajes<\/a><\/p><\/blockquote>\n<p><iframe class=\"wp-embedded-content\" sandbox=\"allow-scripts\" security=\"restricted\" style=\"position: absolute; clip: rect(1px, 1px, 1px, 1px);\" title=\"&#8220;M\u00e1xima preocupaci\u00f3n de las agencias de viajes&#8221; &#8212; Comunicatur\" src=\"https:\/\/www.comunicatur.info\/es\/maxima-preocupacion-de-las-agencias-de-viajes\/embed\/#?secret=nW2HcMI7xD#?secret=N4HOVXsQzF\" data-secret=\"N4HOVXsQzF\" width=\"500\" height=\"282\" frameborder=\"0\" marginwidth=\"0\" marginheight=\"0\" scrolling=\"no\"><\/iframe><\/p>\n","protected":false},"excerpt":{"rendered":"<p>El sector empresarial del turismo coincide con las reivindicaciones planteadas por ACAVE, FETAVE y UNAV de suspender el registro obligatorio de los clientes cumplimentando informaci\u00f3n y documentos de todos aquellos turistas que contratan un alojamiento o alquilan un veh\u00edculo. Piden la suspensi\u00f3n de la entrada en vigor del Real Decreto 933\/2021 prevista para este mes &hellip;<\/p>\n","protected":false},"author":408,"featured_media":25726,"comment_status":"closed","ping_status":"open","sticky":false,"template":"","format":"standard","meta":[],"categories":[66],"tags":[],"_links":{"self":[{"href":"https:\/\/www.comunicatur.info\/es\/wp-json\/wp\/v2\/posts\/25729"}],"collection":[{"href":"https:\/\/www.comunicatur.info\/es\/wp-json\/wp\/v2\/posts"}],"about":[{"href":"https:\/\/www.comunicatur.info\/es\/wp-json\/wp\/v2\/types\/post"}],"author":[{"embeddable":true,"href":"https:\/\/www.comunicatur.info\/es\/wp-json\/wp\/v2\/users\/408"}],"replies":[{"embeddable":true,"href":"https:\/\/www.comunicatur.info\/es\/wp-json\/wp\/v2\/comments?post=25729"}],"version-history":[{"count":2,"href":"https:\/\/www.comunicatur.info\/es\/wp-json\/wp\/v2\/posts\/25729\/revisions"}],"predecessor-version":[{"id":25731,"href":"https:\/\/www.comunicatur.info\/es\/wp-json\/wp\/v2\/posts\/25729\/revisions\/25731"}],"wp:featuredmedia":[{"embeddable":true,"href":"https:\/\/www.comunicatur.info\/es\/wp-json\/wp\/v2\/media\/25726"}],"wp:attachment":[{"href":"https:\/\/www.comunicatur.info\/es\/wp-json\/wp\/v2\/media?parent=25729"}],"wp:term":[{"taxonomy":"category","embeddable":true,"href":"https:\/\/www.comunicatur.info\/es\/wp-json\/wp\/v2\/categories?post=25729"},{"taxonomy":"post_tag","embeddable":true,"href":"https:\/\/www.comunicatur.info\/es\/wp-json\/wp\/v2\/tags?post=25729"}],"curies":[{"name":"wp","href":"https:\/\/api.w.org\/{rel}","templated":true}]}}