{"id":25717,"date":"2024-09-19T00:00:33","date_gmt":"2024-09-18T22:00:33","guid":{"rendered":"https:\/\/www.comunicatur.info\/?p=25717"},"modified":"2024-09-18T19:13:40","modified_gmt":"2024-09-18T17:13:40","slug":"empiezan-las-actuaciones-del-pstd-costa-barcelona-delta-del-llobregat","status":"publish","type":"post","link":"https:\/\/www.comunicatur.info\/es\/empiezan-las-actuaciones-del-pstd-costa-barcelona-delta-del-llobregat\/","title":{"rendered":"Empiezan las actuaciones del PSTD Costa Barcelona Delta del Llobregat"},"content":{"rendered":"<p>Este plan es uno de los tres proyectos que lidera la Diputaci\u00f3n de Barcelona, dentro del marco de <strong>los Planes de Sostenibilidad Tur\u00edstica en Destino<\/strong> que, financiados por la Uni\u00f3n Europea a trav\u00e9s de los fondos europeos Next Generation<strong>, tienen el objetivo de ayudar a los municipios a avanzar hacia un modelo de turismo sostenible.<\/strong> Los otros dos proyectos son el <strong>PSTD<\/strong> <a href=\"https:\/\/www.diba.cat\/es\/web\/vies-blaves-bcn\/inici\" target=\"_blank\" rel=\"noopener\"><strong>V\u00edas Azules Barcelona<\/strong><\/a> y el <strong>PSTD de Espacios Naturales y turismo sostenible, una oportunidad para la provincia de Barcelona<\/strong>, que implica a los Parques Naturales del Montseny y de Sant Lloren\u00e7 del Munt y el Obac y los Parques del Garraf, de Ol\u00e8rdola, del Foix y el de la Serralada Litoral.<br \/>\nComunicatur ya os informo del tema: lo pod\u00e9is recordar <a href=\"https:\/\/www.comunicatur.info\/es\/la-diputacion-de-barcelona-lidera-proyectos-de-sostenibilidad-con-fondos-europeos\/\"><strong>AQU\u00cd<\/strong><\/a> y tambi\u00e9n en un art\u00edculo de julio de 2023<a href=\"https:\/\/www.comunicatur.info\/es\/la-costa-barcelona-proxima-al-delta-del-llobregat-inicia-su-transformacion-turistica-con-los-fondos-next-generation\/\"> <strong>AQU\u00cd<\/strong><\/a>.<\/p>\n<figure id=\"attachment_25709\" aria-describedby=\"caption-attachment-25709\" style=\"width: 300px\" class=\"wp-caption alignright\"><img class=\"size-medium wp-image-25709\" src=\"https:\/\/www.comunicatur.info\/wp-content\/uploads\/2024\/09\/infografia-Delta-Llobregat_1080x1080px_xxss-1-300x300.png\" alt=\"\" width=\"300\" height=\"300\" srcset=\"https:\/\/www.comunicatur.info\/wp-content\/uploads\/2024\/09\/infografia-Delta-Llobregat_1080x1080px_xxss-1-300x300.png 300w, https:\/\/www.comunicatur.info\/wp-content\/uploads\/2024\/09\/infografia-Delta-Llobregat_1080x1080px_xxss-1-1024x1024.png 1024w, https:\/\/www.comunicatur.info\/wp-content\/uploads\/2024\/09\/infografia-Delta-Llobregat_1080x1080px_xxss-1-150x150.png 150w, https:\/\/www.comunicatur.info\/wp-content\/uploads\/2024\/09\/infografia-Delta-Llobregat_1080x1080px_xxss-1-768x768.png 768w, https:\/\/www.comunicatur.info\/wp-content\/uploads\/2024\/09\/infografia-Delta-Llobregat_1080x1080px_xxss-1-600x600.png 600w, https:\/\/www.comunicatur.info\/wp-content\/uploads\/2024\/09\/infografia-Delta-Llobregat_1080x1080px_xxss-1.png 1098w\" sizes=\"(max-width: 300px) 100vw, 300px\" \/><figcaption id=\"caption-attachment-25709\" class=\"wp-caption-text\">Infograf\u00eda del calendario de las principales actuaciones.<br \/>Imagen: Diputaci\u00f3n de Barcelona<\/figcaption><\/figure>\n<p>Adem\u00e1s del liderazgo de la Diputaci\u00f3n de Barcelona, en el <a href=\"https:\/\/www.diba.cat\/es\/web\/turisme\/pstd-costa-barcelona-delta-llobregat\" target=\"_blank\" rel=\"noopener\"><strong>PSTD Costa Barcelona Delta del Llobregat<\/strong><\/a> tambi\u00e9n participan el \u00c1rea Metropolitana de Barcelona, el Consorcio de Turismo del Baix Llobregat y los ayuntamientos de Castelldefels, de Gav\u00e1, del Prat de Llobregat, de Sant Boi de Llobregat y de Viladecans. <strong>El proyecto est\u00e1 dotado con dos millones de euros, se ejecutar\u00e1 hasta marzo de 2026<\/strong> y prev\u00e9 la restauraci\u00f3n de los paisajes dunares, la adecuaci\u00f3n de itinerarios tur\u00edsticos no motorizados que unan la zona de playa con los n\u00facleos urbanos o el impulso del turismo azul, entre otras acciones.<\/p>\n<p>Recientemente, la Diputaci\u00f3n de Barcelona ha dado a conocer el calendario de actuaciones previstas, que es el siguiente:<\/p>\n<p><strong>Diciembre 2024:<\/strong><\/p>\n<ul>\n<li>Acciones de restauraci\u00f3n de los paisajes dunares.<\/li>\n<li>Sensibilizaci\u00f3n sobre los efectos del cambio clim\u00e1tico, con dos aulas de naturaleza donde se har\u00e1n sesiones para escuelas y para otros p\u00fablicos.<\/li>\n<li>Construcci\u00f3n de un mirador de aves en el Prat.<\/li>\n<\/ul>\n<p><strong>Diciembre 2025:<\/strong><\/p>\n<ul>\n<li>Adecuaci\u00f3n de itinerarios litoral-interior para favorecer la movilidad sostenible y que contribuyan a la descongesti\u00f3n, a la descentralizaci\u00f3n y a la diversificaci\u00f3n de los flujos tur\u00edsticos.<br \/>\nEl 2024 se terminar\u00e1 un estudio para la planificaci\u00f3n de itinerarios no motorizados en la zona del Delta del Llobregat. Y, durante el 2025, se har\u00e1n las obras de adecuaci\u00f3n de itinerarios ya existentes por parte de los ayuntamientos implicados. En el caso de Sant Boi, por ejemplo, se har\u00e1n actuaciones de mejora del camino para garantizar su accesibilidad los 365 d\u00edas del a\u00f1o y evitar que quede intransitable a causa de los barros y limos que se acumulan en los periodos de crecida del r\u00edo por fuertes lluvias.<\/li>\n<li>Impulso del turismo azul: el 2024 se terminar\u00e1 un estudio para el impulso del turismo azul que identificar\u00e1 activos ya existentes, dificultades y necesidades, se har\u00e1 un an\u00e1lisis de la normativa y se establecer\u00e1 el plan de acciones.<\/li>\n<li>En una segunda fase, durante el 2025 y primer trimestre del 2026, se llevar\u00e1n a cabo las acciones, con la voluntad de implicar tambi\u00e9n a los residentes y no solo a los visitantes.<\/li>\n<\/ul>\n<p><strong>Marzo 2026:<\/strong><\/p>\n<ul>\n<li>Red de comunicaci\u00f3n y gesti\u00f3n tur\u00edstica: se har\u00e1 en Castelldefels una prueba piloto para ubicar pantallas informativas en puntos de alta afluencia tur\u00edstica y para mejorar la gesti\u00f3n de los flujos tur\u00edsticos con la aportaci\u00f3n de informaci\u00f3n sobre la capacidad y la ocupaci\u00f3n de los aparcamientos o sobre el estado de la mar, entre otras informaciones pr\u00e1cticas.<\/li>\n<\/ul>\n<figure id=\"attachment_25706\" aria-describedby=\"caption-attachment-25706\" style=\"width: 225px\" class=\"wp-caption alignright\"><img class=\"size-medium wp-image-25706\" src=\"https:\/\/www.comunicatur.info\/wp-content\/uploads\/2024\/09\/Abigail-Garrido-PSTD-225x300.jpeg\" alt=\"\" width=\"225\" height=\"300\" srcset=\"https:\/\/www.comunicatur.info\/wp-content\/uploads\/2024\/09\/Abigail-Garrido-PSTD-225x300.jpeg 225w, https:\/\/www.comunicatur.info\/wp-content\/uploads\/2024\/09\/Abigail-Garrido-PSTD-768x1024.jpeg 768w, https:\/\/www.comunicatur.info\/wp-content\/uploads\/2024\/09\/Abigail-Garrido-PSTD-600x800.jpeg 600w, https:\/\/www.comunicatur.info\/wp-content\/uploads\/2024\/09\/Abigail-Garrido-PSTD-1152x1536.jpeg 1152w, https:\/\/www.comunicatur.info\/wp-content\/uploads\/2024\/09\/Abigail-Garrido-PSTD-1536x2048.jpeg 1536w, https:\/\/www.comunicatur.info\/wp-content\/uploads\/2024\/09\/Abigail-Garrido-PSTD-scaled.jpeg 1920w\" sizes=\"(max-width: 225px) 100vw, 225px\" \/><figcaption id=\"caption-attachment-25706\" class=\"wp-caption-text\">Abigail Garrido presentando el proyecto. Foto: Albert Mir\u00f3 \/ Diba<\/figcaption><\/figure>\n<p>Para hacer realidad el proyecto hay que destacar que <strong>este PSTD significa un nuevo enfoque en la gesti\u00f3n de las playas como principal generador de riqueza en los municipios de costa,<\/strong> en que la sostenibilidad y la mejora de la competitividad son los ejes fundamentales.<\/p>\n<p>Para la diputada de Turismo de la Diputaci\u00f3n de Barcelona, <strong>Abigail Garrido<\/strong>, <em>\u201cel proyecto pone el foco en la necesidad de conectar el litoral con el gran patrimonio natural y cultural que tenemos unos quil\u00f3metros adentro, favoreciendo la descentralizaci\u00f3n, la desconcentraci\u00f3n y la desestacionalizaci\u00f3n de los flujos tur\u00edsticos, adem\u00e1s de preparar y adaptar los ecosistemas por los efectos del cambio clim\u00e1ticos Este proyecto supone tambi\u00e9n una nueva forma de trabajo colaborativo con los municipios\u201d.<\/em><\/p>\n<p>Pod\u00e9is ver el v\u00eddeo del proyecto <a href=\"https:\/\/www.youtube.com\/watch?v=XdOLeLDy6pY\" target=\"_blank\" rel=\"noopener\"><strong>AQU\u00cd.<\/strong><\/a><\/p>\n<p style=\"text-align: right;\"><em>En colaboraci\u00f3n con la Diputaci\u00f3n de Barcelona<\/em><\/p>\n<blockquote class=\"wp-embedded-content\" data-secret=\"CSSFG2X6fw\"><p><a href=\"https:\/\/www.comunicatur.info\/es\/la-diputacion-de-barcelona-lidera-proyectos-de-sostenibilidad-con-fondos-europeos\/\">La Diputaci\u00f3n de Barcelona lidera proyectos de sostenibilidad con fondos europeos<\/a><\/p><\/blockquote>\n<p><iframe class=\"wp-embedded-content\" sandbox=\"allow-scripts\" security=\"restricted\" style=\"position: absolute; clip: rect(1px, 1px, 1px, 1px);\" title=\"&#8220;La Diputaci\u00f3n de Barcelona lidera proyectos de sostenibilidad con fondos europeos&#8221; &#8212; Comunicatur\" src=\"https:\/\/www.comunicatur.info\/es\/la-diputacion-de-barcelona-lidera-proyectos-de-sostenibilidad-con-fondos-europeos\/embed\/#?secret=xuTePIumCx#?secret=CSSFG2X6fw\" data-secret=\"CSSFG2X6fw\" width=\"500\" height=\"282\" frameborder=\"0\" marginwidth=\"0\" marginheight=\"0\" scrolling=\"no\"><\/iframe><\/p>\n<blockquote class=\"wp-embedded-content\" data-secret=\"YyPkQBK8kc\"><p><a href=\"https:\/\/www.comunicatur.info\/es\/la-costa-barcelona-proxima-al-delta-del-llobregat-inicia-su-transformacion-turistica-con-los-fondos-next-generation\/\">La Costa Barcelona pr\u00f3xima al Delta del Llobregat inicia su transformaci\u00f3n tur\u00edstica con los fondos Next Generation<\/a><\/p><\/blockquote>\n<p><iframe class=\"wp-embedded-content\" sandbox=\"allow-scripts\" security=\"restricted\" style=\"position: absolute; clip: rect(1px, 1px, 1px, 1px);\" title=\"&#8220;La Costa Barcelona pr\u00f3xima al Delta del Llobregat inicia su transformaci\u00f3n tur\u00edstica con los fondos Next Generation&#8221; &#8212; Comunicatur\" src=\"https:\/\/www.comunicatur.info\/es\/la-costa-barcelona-proxima-al-delta-del-llobregat-inicia-su-transformacion-turistica-con-los-fondos-next-generation\/embed\/#?secret=LBdtbDHAd7#?secret=YyPkQBK8kc\" data-secret=\"YyPkQBK8kc\" width=\"500\" height=\"282\" frameborder=\"0\" marginwidth=\"0\" marginheight=\"0\" scrolling=\"no\"><\/iframe><\/p>\n","protected":false},"excerpt":{"rendered":"<p>Este plan es uno de los tres proyectos que lidera la Diputaci\u00f3n de Barcelona, dentro del marco de los Planes de Sostenibilidad Tur\u00edstica en Destino que, financiados por la Uni\u00f3n Europea a trav\u00e9s de los fondos europeos Next Generation, tienen el objetivo de ayudar a los municipios a avanzar hacia un modelo de turismo sostenible. &hellip;<\/p>\n","protected":false},"author":408,"featured_media":25711,"comment_status":"closed","ping_status":"open","sticky":false,"template":"","format":"standard","meta":[],"categories":[62],"tags":[],"_links":{"self":[{"href":"https:\/\/www.comunicatur.info\/es\/wp-json\/wp\/v2\/posts\/25717"}],"collection":[{"href":"https:\/\/www.comunicatur.info\/es\/wp-json\/wp\/v2\/posts"}],"about":[{"href":"https:\/\/www.comunicatur.info\/es\/wp-json\/wp\/v2\/types\/post"}],"author":[{"embeddable":true,"href":"https:\/\/www.comunicatur.info\/es\/wp-json\/wp\/v2\/users\/408"}],"replies":[{"embeddable":true,"href":"https:\/\/www.comunicatur.info\/es\/wp-json\/wp\/v2\/comments?post=25717"}],"version-history":[{"count":3,"href":"https:\/\/www.comunicatur.info\/es\/wp-json\/wp\/v2\/posts\/25717\/revisions"}],"predecessor-version":[{"id":25721,"href":"https:\/\/www.comunicatur.info\/es\/wp-json\/wp\/v2\/posts\/25717\/revisions\/25721"}],"wp:featuredmedia":[{"embeddable":true,"href":"https:\/\/www.comunicatur.info\/es\/wp-json\/wp\/v2\/media\/25711"}],"wp:attachment":[{"href":"https:\/\/www.comunicatur.info\/es\/wp-json\/wp\/v2\/media?parent=25717"}],"wp:term":[{"taxonomy":"category","embeddable":true,"href":"https:\/\/www.comunicatur.info\/es\/wp-json\/wp\/v2\/categories?post=25717"},{"taxonomy":"post_tag","embeddable":true,"href":"https:\/\/www.comunicatur.info\/es\/wp-json\/wp\/v2\/tags?post=25717"}],"curies":[{"name":"wp","href":"https:\/\/api.w.org\/{rel}","templated":true}]}}